{"id":5086,"date":"2019-05-17T12:07:31","date_gmt":"2019-05-17T12:07:31","guid":{"rendered":"http:\/\/proni.hr\/?p=5086"},"modified":"2019-05-17T12:12:20","modified_gmt":"2019-05-17T12:12:20","slug":"primjer-dobre-prakse-savjetodavni-odbor-icm-vukovara","status":"publish","type":"post","link":"https:\/\/proni.hr\/old.proni.hr\/primjer-dobre-prakse-savjetodavni-odbor-icm-vukovara\/","title":{"rendered":"Primjer dobre prakse &#8211; Savjetodavni odbor ICM Vukovara"},"content":{"rendered":"<p>PRONI Centar ove godine obilje\u017eava 10. godina rada Info centra za mlade Vukovar. 2008. godine pokrenut je pilot projekt Info centra na na\u010din da je pokrenuta web stranica te je zapo\u010delo\u00a0 sustavno informiranje mladih u lokalnoj zajednici.\u00a0 Nakon toga, 2009. godine, kroz projekt &#8220;Sve za tebe&#8221; otvoren je i fizi\u010dki prostor centra te je mladima ponu\u0111en jedinstven prostor namijenjen pravovremenom i pravovaljanom informiranju mladih.<\/p>\n<p>U sklopu projekta s ciljem uspostave me\u0111usktorske suradnje i br\u017eeg protoka informacija me\u0111u razli\u010ditim dionicima osnovan je\u00a0 Savjetodavni odbor Info centra za mlade Vukovar.\u00a0 Osnivanjem odbora pobolj\u0161ana je razmjena informacija izme\u0111u institucija i udruga koje rade s mladima, a kroz Info centar za mlade osigurane kvalitetne, pravovremene i to\u010dne informacije mladima.\u00a0 Ove godine Savjetodavni odbor <strong>Info centra za mlade Vukovar obilje\u017eava 10 godina rada u istom sastavu, a tom prigodom 16.5.2019. odr\u017ean je 50-ti sastanak Odbora.<\/strong> Savjetodavni odbor u samim po\u010decima rada pokazao se kao odli\u010dna gradska \u201emre\u017ea\u201c djelatnika koji rade s mladima, u samom startu informacije su se br\u017ee kretale od ustanova do udruga i obrnuto te na taj na\u010din dolazile do ve\u0107eg broja mladih \u0161to prije nije bila praksa. Primjer je dobre prakse umre\u017eavanja, kojim se pokazuje kako je mogu\u0107a me\u0111usektorska suradnja s ciljem pobolj\u0161anja programa, aktivnosti i usluga za mlade na podru\u010dju grada Vukovara.<\/p>\n<p>&nbsp;<\/p>\n<p><a href=\"https:\/\/proni.hr\/old.proni.hr\/wp-content\/uploads\/2019\/05\/DSC07551.jpg\"><img loading=\"lazy\" decoding=\"async\" class=\"wp-image-5101 alignleft\" src=\"https:\/\/proni.hr\/old.proni.hr\/wp-content\/uploads\/2019\/05\/DSC07551-300x225.jpg\" alt=\"DSC07551\" width=\"351\" height=\"263\" srcset=\"https:\/\/proni.hr\/old.proni.hr\/wp-content\/uploads\/2019\/05\/DSC07551-300x225.jpg 300w, https:\/\/proni.hr\/old.proni.hr\/wp-content\/uploads\/2019\/05\/DSC07551-768x576.jpg 768w, https:\/\/proni.hr\/old.proni.hr\/wp-content\/uploads\/2019\/05\/DSC07551-1024x768.jpg 1024w, https:\/\/proni.hr\/old.proni.hr\/wp-content\/uploads\/2019\/05\/DSC07551-600x450.jpg 600w, https:\/\/proni.hr\/old.proni.hr\/wp-content\/uploads\/2019\/05\/DSC07551-213x160.jpg 213w\" sizes=\"(max-width: 351px) 100vw, 351px\" \/><\/a><a href=\"https:\/\/proni.hr\/old.proni.hr\/wp-content\/uploads\/2019\/05\/20190516_104149.jpg\"><img loading=\"lazy\" decoding=\"async\" class=\" wp-image-5100 alignleft\" src=\"https:\/\/proni.hr\/old.proni.hr\/wp-content\/uploads\/2019\/05\/20190516_104149-300x225.jpg\" alt=\"20190516_104149\" width=\"351\" height=\"263\" srcset=\"https:\/\/proni.hr\/old.proni.hr\/wp-content\/uploads\/2019\/05\/20190516_104149-300x225.jpg 300w, https:\/\/proni.hr\/old.proni.hr\/wp-content\/uploads\/2019\/05\/20190516_104149-768x576.jpg 768w, https:\/\/proni.hr\/old.proni.hr\/wp-content\/uploads\/2019\/05\/20190516_104149-1024x768.jpg 1024w, https:\/\/proni.hr\/old.proni.hr\/wp-content\/uploads\/2019\/05\/20190516_104149-600x450.jpg 600w, https:\/\/proni.hr\/old.proni.hr\/wp-content\/uploads\/2019\/05\/20190516_104149-213x160.jpg 213w\" sizes=\"(max-width: 351px) 100vw, 351px\" \/><\/a><\/p>\n<p>&nbsp;<\/p>\n<p>&nbsp;<\/p>\n<p>&nbsp;<\/p>\n<p>&nbsp;<\/p>\n<p>&nbsp;<\/p>\n<p>&nbsp;<\/p>\n<p>&nbsp;<\/p>\n<p>Savjetodavni odbor sastaje se najmanje 5 puta godi\u0161nje s ciljem razmjene informacija te planiranja, pripreme i provedbe informativno-edukativnih aktivnosti. Realizirana su 3 partnerska projekta, veliki broj informativnih radionica i putuju\u0107ih informiraonica, sudjelovalo se na nekoliko konferencija te su provedeni zajedni\u010dki edukacije za \u010dlanove Odbora s ciljem pove\u0107anja kompetencija iz podru\u010dja informiranja i savjetovanja mladih.<\/p>\n<p>No ono na \u010dega je Savjetodavni odbor posebno ponosan jeste <em><strong>Dan informiranja mladih Vukovar &#8211; VuMi, <\/strong><\/em>kojeg ve\u0107 deset godina zaredom osmi\u0161ljava i provodi.<\/p>\n<p>\u0160to je Savjetodavni odbor donio mladima i PRONI Centru:<\/p>\n<p>*br\u017ei protok informacija na lokalnoj razini<br \/>\n*\u0161iri spektar informacija na jednom mjestu<br \/>\n*kreiranje zajedni\u010dkih aktivnosti\/programa za mlade<br \/>\n*pomo\u0107 prilikom rje\u0161avanja problema<br \/>\n*zajedni\u010dki nastup u medijima\/javnosti<br \/>\n*\u201crame za osloniti se\u201d<\/p>\n<p>\u010clanovi Savjetodavnog odbora Vukovar su: Marinko Ivi\u010di\u0107 i Ivan Branimir Vrdoljak &#8211; MUP RH Policijska postaja Vukovar &#8211; Policija u zajednici; Monika \u017divkovi\u0107 &#8211; Hrvatski zavod za zapo\u0161ljavanje PU Vukovar; Sini\u0161a Mitrovi\u0107 &#8211; Grad Vukovar; Dijana Antunovi\u0107 Lazi\u0107 &#8211; Europski dom Vukovar i Karolina \u0160o\u0161 \u017divanovi\u0107 &#8211; PRONI Centar.<\/p>\n<p><em><strong>PRONI Centar zahvaljuje navedenim predstavnicima na pru\u017eenoj potpori u razvoju i podizanju kvalitete \u017eivota mladih svih ovih 10 godina.<\/strong> <\/em><\/p>\n<p><a href=\"https:\/\/proni.hr\/old.proni.hr\/wp-content\/uploads\/2019\/05\/Savjetodavni-odbor-10-18.jpg\"><img loading=\"lazy\" decoding=\"async\" class=\" wp-image-5102 alignleft\" src=\"https:\/\/proni.hr\/old.proni.hr\/wp-content\/uploads\/2019\/05\/Savjetodavni-odbor-10-18-300x225.jpg\" alt=\"Savjetodavni odbor 10 (18)\" width=\"351\" height=\"263\" srcset=\"https:\/\/proni.hr\/old.proni.hr\/wp-content\/uploads\/2019\/05\/Savjetodavni-odbor-10-18-300x225.jpg 300w, https:\/\/proni.hr\/old.proni.hr\/wp-content\/uploads\/2019\/05\/Savjetodavni-odbor-10-18-768x576.jpg 768w, https:\/\/proni.hr\/old.proni.hr\/wp-content\/uploads\/2019\/05\/Savjetodavni-odbor-10-18-1024x768.jpg 1024w, https:\/\/proni.hr\/old.proni.hr\/wp-content\/uploads\/2019\/05\/Savjetodavni-odbor-10-18-600x450.jpg 600w, https:\/\/proni.hr\/old.proni.hr\/wp-content\/uploads\/2019\/05\/Savjetodavni-odbor-10-18-213x160.jpg 213w\" sizes=\"(max-width: 351px) 100vw, 351px\" \/><\/a> <a href=\"https:\/\/proni.hr\/old.proni.hr\/wp-content\/uploads\/2019\/05\/DSC06807.jpg\"><img loading=\"lazy\" decoding=\"async\" class=\"wp-image-5103 alignleft\" src=\"https:\/\/proni.hr\/old.proni.hr\/wp-content\/uploads\/2019\/05\/DSC06807-300x225.jpg\" alt=\"DSC06807\" width=\"353\" height=\"265\" srcset=\"https:\/\/proni.hr\/old.proni.hr\/wp-content\/uploads\/2019\/05\/DSC06807-300x225.jpg 300w, https:\/\/proni.hr\/old.proni.hr\/wp-content\/uploads\/2019\/05\/DSC06807-768x576.jpg 768w, https:\/\/proni.hr\/old.proni.hr\/wp-content\/uploads\/2019\/05\/DSC06807-1024x768.jpg 1024w, https:\/\/proni.hr\/old.proni.hr\/wp-content\/uploads\/2019\/05\/DSC06807-600x450.jpg 600w, https:\/\/proni.hr\/old.proni.hr\/wp-content\/uploads\/2019\/05\/DSC06807-213x160.jpg 213w\" sizes=\"(max-width: 353px) 100vw, 353px\" \/><\/a><\/p>\n","protected":false},"excerpt":{"rendered":"<p>PRONI Centar ove godine obilje\u017eava 10. godina rada Info centra za mlade Vukovar. 2008. godine pokrenut je pilot projekt Info centra na na\u010din da je pokrenuta web stranica te je zapo\u010delo\u00a0 sustavno informiranje mladih u lokalnoj zajednici.\u00a0 Nakon toga, 2009. godine, kroz projekt &#8220;Sve za tebe&#8221; otvoren je i fizi\u010dki prostor centra te je mladima [&hellip;]<\/p>\n","protected":false},"author":4,"featured_media":5099,"comment_status":"closed","ping_status":"open","sticky":false,"template":"","format":"standard","meta":{"footnotes":""},"categories":[4],"tags":[],"_links":{"self":[{"href":"https:\/\/proni.hr\/old.proni.hr\/wp-json\/wp\/v2\/posts\/5086"}],"collection":[{"href":"https:\/\/proni.hr\/old.proni.hr\/wp-json\/wp\/v2\/posts"}],"about":[{"href":"https:\/\/proni.hr\/old.proni.hr\/wp-json\/wp\/v2\/types\/post"}],"author":[{"embeddable":true,"href":"https:\/\/proni.hr\/old.proni.hr\/wp-json\/wp\/v2\/users\/4"}],"replies":[{"embeddable":true,"href":"https:\/\/proni.hr\/old.proni.hr\/wp-json\/wp\/v2\/comments?post=5086"}],"version-history":[{"count":6,"href":"https:\/\/proni.hr\/old.proni.hr\/wp-json\/wp\/v2\/posts\/5086\/revisions"}],"predecessor-version":[{"id":5109,"href":"https:\/\/proni.hr\/old.proni.hr\/wp-json\/wp\/v2\/posts\/5086\/revisions\/5109"}],"wp:featuredmedia":[{"embeddable":true,"href":"https:\/\/proni.hr\/old.proni.hr\/wp-json\/wp\/v2\/media\/5099"}],"wp:attachment":[{"href":"https:\/\/proni.hr\/old.proni.hr\/wp-json\/wp\/v2\/media?parent=5086"}],"wp:term":[{"taxonomy":"category","embeddable":true,"href":"https:\/\/proni.hr\/old.proni.hr\/wp-json\/wp\/v2\/categories?post=5086"},{"taxonomy":"post_tag","embeddable":true,"href":"https:\/\/proni.hr\/old.proni.hr\/wp-json\/wp\/v2\/tags?post=5086"}],"curies":[{"name":"wp","href":"https:\/\/api.w.org\/{rel}","templated":true}]}}