{"id":5117,"date":"2019-05-20T13:42:57","date_gmt":"2019-05-20T13:42:57","guid":{"rendered":"http:\/\/proni.hr\/?p=5117"},"modified":"2019-05-20T13:43:16","modified_gmt":"2019-05-20T13:43:16","slug":"zvrkovci-proveli-jos-jednu-akciju-u-svojoj-skoli","status":"publish","type":"post","link":"https:\/\/proni.hr\/old.proni.hr\/zvrkovci-proveli-jos-jednu-akciju-u-svojoj-skoli\/","title":{"rendered":"Zvrkovci proveli jo\u0161 jednu akciju u svojoj \u0161koli"},"content":{"rendered":"<p>Iako se projekt &#8220;<a href=\"https:\/\/proni.hr\/old.proni.hr\/portfolio-items\/skolontiranje\/\">\u0160kolontiranje<\/a>&#8221; bli\u017ei kraju vrijedni \u0161kolonterti \u0161kolskog volonterskog kluba ZVRK, Tehni\u010dke \u0161kole Ru\u0111era Bo\u0161kovi\u0107a Vinkovci, proveli su jo\u0161 jednu volontersku akciju.<\/p>\n<p>Ovoga puta, 17 svibnja, nastavili su s ure\u0111enjem \u0161kolskih sportskih terena, odnosno ure\u0111ivanjem prostorija koje slu\u017ee kao svla\u010dionice. Iste su \u010distili i bojali te postavljali ko\u0161eve za sme\u0107e i klupe.<\/p>\n<p>U akciji koja je za cilj imala dodatno u\u010diniti \u0161kolski prostor ugodnijim i ljep\u0161im za boravak u\u010denika, sudjelovali su \u010dlanovi \u0161kolskog volonterskog kluba, volonteri i drugo \u0161kolsko osoblje.<\/p>\n<p>&nbsp;<\/p>\n<p><a href=\"https:\/\/proni.hr\/old.proni.hr\/wp-content\/uploads\/2019\/05\/\u0160kolska-volonterska-akcija-Tehni\u010dka-\u0161kola-RB-Vinkovci-5.jpg\"><img loading=\"lazy\" decoding=\"async\" class=\"aligncenter wp-image-5119\" src=\"https:\/\/proni.hr\/old.proni.hr\/wp-content\/uploads\/2019\/05\/\u0160kolska-volonterska-akcija-Tehni\u010dka-\u0161kola-RB-Vinkovci-5-300x200.jpg\" alt=\"\u0160kolska volonterska akcija -Tehni\u010dka \u0161kola RB Vinkovci (5)\" width=\"500\" height=\"333\" srcset=\"https:\/\/proni.hr\/old.proni.hr\/wp-content\/uploads\/2019\/05\/\u0160kolska-volonterska-akcija-Tehni\u010dka-\u0161kola-RB-Vinkovci-5-300x200.jpg 300w, https:\/\/proni.hr\/old.proni.hr\/wp-content\/uploads\/2019\/05\/\u0160kolska-volonterska-akcija-Tehni\u010dka-\u0161kola-RB-Vinkovci-5-768x512.jpg 768w, https:\/\/proni.hr\/old.proni.hr\/wp-content\/uploads\/2019\/05\/\u0160kolska-volonterska-akcija-Tehni\u010dka-\u0161kola-RB-Vinkovci-5.jpg 1024w, https:\/\/proni.hr\/old.proni.hr\/wp-content\/uploads\/2019\/05\/\u0160kolska-volonterska-akcija-Tehni\u010dka-\u0161kola-RB-Vinkovci-5-600x400.jpg 600w, https:\/\/proni.hr\/old.proni.hr\/wp-content\/uploads\/2019\/05\/\u0160kolska-volonterska-akcija-Tehni\u010dka-\u0161kola-RB-Vinkovci-5-240x160.jpg 240w\" sizes=\"(max-width: 500px) 100vw, 500px\" \/><\/a><\/p>\n<p><a href=\"https:\/\/proni.hr\/old.proni.hr\/wp-content\/uploads\/2019\/05\/\u0160kolska-volonterska-akcija-Tehni\u010dka-\u0161kola-RB-Vinkovci-7.jpg\"><img loading=\"lazy\" decoding=\"async\" class=\"aligncenter wp-image-5121\" src=\"https:\/\/proni.hr\/old.proni.hr\/wp-content\/uploads\/2019\/05\/\u0160kolska-volonterska-akcija-Tehni\u010dka-\u0161kola-RB-Vinkovci-7-300x200.jpg\" alt=\"\u0160kolska volonterska akcija -Tehni\u010dka \u0161kola RB Vinkovci (7)\" width=\"500\" height=\"333\" srcset=\"https:\/\/proni.hr\/old.proni.hr\/wp-content\/uploads\/2019\/05\/\u0160kolska-volonterska-akcija-Tehni\u010dka-\u0161kola-RB-Vinkovci-7-300x200.jpg 300w, https:\/\/proni.hr\/old.proni.hr\/wp-content\/uploads\/2019\/05\/\u0160kolska-volonterska-akcija-Tehni\u010dka-\u0161kola-RB-Vinkovci-7-768x512.jpg 768w, https:\/\/proni.hr\/old.proni.hr\/wp-content\/uploads\/2019\/05\/\u0160kolska-volonterska-akcija-Tehni\u010dka-\u0161kola-RB-Vinkovci-7.jpg 1024w, https:\/\/proni.hr\/old.proni.hr\/wp-content\/uploads\/2019\/05\/\u0160kolska-volonterska-akcija-Tehni\u010dka-\u0161kola-RB-Vinkovci-7-600x400.jpg 600w, https:\/\/proni.hr\/old.proni.hr\/wp-content\/uploads\/2019\/05\/\u0160kolska-volonterska-akcija-Tehni\u010dka-\u0161kola-RB-Vinkovci-7-240x160.jpg 240w\" sizes=\"(max-width: 500px) 100vw, 500px\" \/><\/a><\/p>\n<p><a href=\"https:\/\/proni.hr\/old.proni.hr\/wp-content\/uploads\/2019\/05\/\u0160kolska-volonterska-akcija-Tehni\u010dka-\u0161kola-RB-Vinkovci-6.jpg\"><img loading=\"lazy\" decoding=\"async\" class=\"aligncenter wp-image-5120\" src=\"https:\/\/proni.hr\/old.proni.hr\/wp-content\/uploads\/2019\/05\/\u0160kolska-volonterska-akcija-Tehni\u010dka-\u0161kola-RB-Vinkovci-6-300x200.jpg\" alt=\"\u0160kolska volonterska akcija -Tehni\u010dka \u0161kola RB Vinkovci (6)\" width=\"500\" height=\"333\" srcset=\"https:\/\/proni.hr\/old.proni.hr\/wp-content\/uploads\/2019\/05\/\u0160kolska-volonterska-akcija-Tehni\u010dka-\u0161kola-RB-Vinkovci-6-300x200.jpg 300w, https:\/\/proni.hr\/old.proni.hr\/wp-content\/uploads\/2019\/05\/\u0160kolska-volonterska-akcija-Tehni\u010dka-\u0161kola-RB-Vinkovci-6-768x512.jpg 768w, https:\/\/proni.hr\/old.proni.hr\/wp-content\/uploads\/2019\/05\/\u0160kolska-volonterska-akcija-Tehni\u010dka-\u0161kola-RB-Vinkovci-6.jpg 1024w, https:\/\/proni.hr\/old.proni.hr\/wp-content\/uploads\/2019\/05\/\u0160kolska-volonterska-akcija-Tehni\u010dka-\u0161kola-RB-Vinkovci-6-600x400.jpg 600w, https:\/\/proni.hr\/old.proni.hr\/wp-content\/uploads\/2019\/05\/\u0160kolska-volonterska-akcija-Tehni\u010dka-\u0161kola-RB-Vinkovci-6-240x160.jpg 240w\" sizes=\"(max-width: 500px) 100vw, 500px\" \/><\/a><\/p>\n<p><a href=\"https:\/\/proni.hr\/old.proni.hr\/wp-content\/uploads\/2019\/05\/\u0160kolska-volonterska-akcija-Tehni\u010dka-\u0161kola-RB-Vinkovci-3.jpg\"><img loading=\"lazy\" decoding=\"async\" class=\"aligncenter wp-image-5118\" src=\"https:\/\/proni.hr\/old.proni.hr\/wp-content\/uploads\/2019\/05\/\u0160kolska-volonterska-akcija-Tehni\u010dka-\u0161kola-RB-Vinkovci-3-300x200.jpg\" alt=\"\u0160kolska volonterska akcija -Tehni\u010dka \u0161kola RB Vinkovci (3)\" width=\"500\" height=\"333\" srcset=\"https:\/\/proni.hr\/old.proni.hr\/wp-content\/uploads\/2019\/05\/\u0160kolska-volonterska-akcija-Tehni\u010dka-\u0161kola-RB-Vinkovci-3-300x200.jpg 300w, https:\/\/proni.hr\/old.proni.hr\/wp-content\/uploads\/2019\/05\/\u0160kolska-volonterska-akcija-Tehni\u010dka-\u0161kola-RB-Vinkovci-3-768x512.jpg 768w, https:\/\/proni.hr\/old.proni.hr\/wp-content\/uploads\/2019\/05\/\u0160kolska-volonterska-akcija-Tehni\u010dka-\u0161kola-RB-Vinkovci-3.jpg 1024w, https:\/\/proni.hr\/old.proni.hr\/wp-content\/uploads\/2019\/05\/\u0160kolska-volonterska-akcija-Tehni\u010dka-\u0161kola-RB-Vinkovci-3-600x400.jpg 600w, https:\/\/proni.hr\/old.proni.hr\/wp-content\/uploads\/2019\/05\/\u0160kolska-volonterska-akcija-Tehni\u010dka-\u0161kola-RB-Vinkovci-3-240x160.jpg 240w\" sizes=\"(max-width: 500px) 100vw, 500px\" \/><\/a><\/p>\n","protected":false},"excerpt":{"rendered":"<p>Iako se projekt &#8220;\u0160kolontiranje&#8221; bli\u017ei kraju vrijedni \u0161kolonterti \u0161kolskog volonterskog kluba ZVRK, Tehni\u010dke \u0161kole Ru\u0111era Bo\u0161kovi\u0107a Vinkovci, proveli su jo\u0161 jednu volontersku akciju. Ovoga puta, 17 svibnja, nastavili su s ure\u0111enjem \u0161kolskih sportskih terena, odnosno ure\u0111ivanjem prostorija koje slu\u017ee kao svla\u010dionice. Iste su \u010distili i bojali te postavljali ko\u0161eve za sme\u0107e i klupe. U akciji [&hellip;]<\/p>\n","protected":false},"author":4,"featured_media":5122,"comment_status":"closed","ping_status":"open","sticky":false,"template":"","format":"standard","meta":{"footnotes":""},"categories":[4],"tags":[],"_links":{"self":[{"href":"https:\/\/proni.hr\/old.proni.hr\/wp-json\/wp\/v2\/posts\/5117"}],"collection":[{"href":"https:\/\/proni.hr\/old.proni.hr\/wp-json\/wp\/v2\/posts"}],"about":[{"href":"https:\/\/proni.hr\/old.proni.hr\/wp-json\/wp\/v2\/types\/post"}],"author":[{"embeddable":true,"href":"https:\/\/proni.hr\/old.proni.hr\/wp-json\/wp\/v2\/users\/4"}],"replies":[{"embeddable":true,"href":"https:\/\/proni.hr\/old.proni.hr\/wp-json\/wp\/v2\/comments?post=5117"}],"version-history":[{"count":1,"href":"https:\/\/proni.hr\/old.proni.hr\/wp-json\/wp\/v2\/posts\/5117\/revisions"}],"predecessor-version":[{"id":5123,"href":"https:\/\/proni.hr\/old.proni.hr\/wp-json\/wp\/v2\/posts\/5117\/revisions\/5123"}],"wp:featuredmedia":[{"embeddable":true,"href":"https:\/\/proni.hr\/old.proni.hr\/wp-json\/wp\/v2\/media\/5122"}],"wp:attachment":[{"href":"https:\/\/proni.hr\/old.proni.hr\/wp-json\/wp\/v2\/media?parent=5117"}],"wp:term":[{"taxonomy":"category","embeddable":true,"href":"https:\/\/proni.hr\/old.proni.hr\/wp-json\/wp\/v2\/categories?post=5117"},{"taxonomy":"post_tag","embeddable":true,"href":"https:\/\/proni.hr\/old.proni.hr\/wp-json\/wp\/v2\/tags?post=5117"}],"curies":[{"name":"wp","href":"https:\/\/api.w.org\/{rel}","templated":true}]}}