{"id":5125,"date":"2019-05-31T09:05:54","date_gmt":"2019-05-31T09:05:54","guid":{"rendered":"http:\/\/proni.hr\/?p=5125"},"modified":"2019-06-04T08:57:24","modified_gmt":"2019-06-04T08:57:24","slug":"skolontiranje-kraj-i-novi-pocetak-razvoja-volonterstva-u-skolama","status":"publish","type":"post","link":"https:\/\/proni.hr\/old.proni.hr\/skolontiranje-kraj-i-novi-pocetak-razvoja-volonterstva-u-skolama\/","title":{"rendered":"\u0160kolontiranje &#8211; kraj i novi po\u010detak razvoja volonterstva u \u0161kolama"},"content":{"rendered":"<p>Nakon pune dvije godine rada na razvoju kvalitetnih i odr\u017eivih volonterskih programa, posebice programa \u0161kolskog volontiranja i volontiranja u zajednici, kroz obrazovanje i odgoj za volontiranje u \u0161kolskim ustanovama i organizacijama civilnoga dru\u0161tva u Vukovarsko-srijemskoj i Sisa\u010dko-moslava\u010dkoj \u017eupaniji, projekt &#8220;\u0160kolontiranje&#8221; je slu\u017ebeno zavr\u0161io.<\/p>\n<p>Da su ciljevi postignuti vidljivo je kroz upostavu \u010dak 10 \u0161kolskih volonterskih klubova i osna\u017eivanje \u0161kolskog osoblja, u\u010denika i roditelja te uspje\u0161nu realizaciju volonterskih programa i aktivnosti u samim odgojno-obrazovnih ustanova, ali i lokalnim zajednicama u suradnji s organizacijama civilnoga dru\u0161tva koje su bile dio ovog razvojnog projekta. Stoga, vjerujemo kako \u0107e upravo ove odgojno-obrazovne ustanove uspje\u0161no nastaviti s razvojem \u0161kolskog volonterstva te odr\u017eivosti \u0161kolskih volonterskim klubova.<\/p>\n<p>Tijekom razvoja ovakvog oblika volonterstva na\u0161i \u0161kolonteri upoznali su se u potpunosti sa &#8220;svijetom&#8221; volonterstva te mnogobrojnim mogu\u0107nostima koje ono nudi, ali i s brojnim izazovima koje su prepoznavali tijekom pripreme i provedbe aktivnosti. Kako bi u budu\u0107nosti, sebi, ali i drugima, omogu\u0107ili kvalitetan razvoj \u0161kolskih volonterskih programa, sudionici projekta iskazali su svoja mi\u0161ljanja te ih u obliku <a href=\"https:\/\/proni.hr\/old.proni.hr\/wp-content\/uploads\/2019\/05\/Zaklju\u010dci-i-preporuke-\u0160kolontiranje.pdf\" target=\"_blank\"><strong><em>zaklju\u010daka i preporuka<\/em><\/strong><\/a> ovim putem predstavljamo \u0161iroj javnosti.<\/p>\n<p>Cijeli projekt tako\u0111er je i dokumentiran te je izra\u0111en promotivni <a href=\"https:\/\/1drv.ms\/v\/s!Ap7_AWL_z2APpkmulsik8z37bjaO?e=GlW9hI\" target=\"_blank\"><strong><em>video<\/em><\/strong><\/a> za kojeg vjerujemo kako \u0107e, uz zaklju\u010dke i preporuke, poslu\u017eiti za motivaciju drugim dionicima u pokretanju i provedbi ovakvih programa koji su od iznimne va\u017enosti, kako za osobni razvoj u\u010denika, tako i cjelokupnu zajednicu.<\/p>\n<p>Na kraju na\u0161eg \u0161kolonterskog puta, PRONI Centar za socijalano podu\u010davanje zahvaljuje svim partenerima i suradnicima na podr\u0161ci, razvoju i uspjehu u provedbi inovacija i uspostavi novih oblika u\u010denja i odgoja.<\/p>\n<p>&nbsp;<\/p>\n","protected":false},"excerpt":{"rendered":"<p>Nakon pune dvije godine rada na razvoju kvalitetnih i odr\u017eivih volonterskih programa, posebice programa \u0161kolskog volontiranja i volontiranja u zajednici, kroz obrazovanje i odgoj za volontiranje u \u0161kolskim ustanovama i organizacijama civilnoga dru\u0161tva u Vukovarsko-srijemskoj i Sisa\u010dko-moslava\u010dkoj \u017eupaniji, projekt &#8220;\u0160kolontiranje&#8221; je slu\u017ebeno zavr\u0161io. Da su ciljevi postignuti vidljivo je kroz upostavu \u010dak 10 \u0161kolskih volonterskih [&hellip;]<\/p>\n","protected":false},"author":4,"featured_media":3702,"comment_status":"closed","ping_status":"open","sticky":false,"template":"","format":"standard","meta":{"footnotes":""},"categories":[4],"tags":[],"_links":{"self":[{"href":"https:\/\/proni.hr\/old.proni.hr\/wp-json\/wp\/v2\/posts\/5125"}],"collection":[{"href":"https:\/\/proni.hr\/old.proni.hr\/wp-json\/wp\/v2\/posts"}],"about":[{"href":"https:\/\/proni.hr\/old.proni.hr\/wp-json\/wp\/v2\/types\/post"}],"author":[{"embeddable":true,"href":"https:\/\/proni.hr\/old.proni.hr\/wp-json\/wp\/v2\/users\/4"}],"replies":[{"embeddable":true,"href":"https:\/\/proni.hr\/old.proni.hr\/wp-json\/wp\/v2\/comments?post=5125"}],"version-history":[{"count":4,"href":"https:\/\/proni.hr\/old.proni.hr\/wp-json\/wp\/v2\/posts\/5125\/revisions"}],"predecessor-version":[{"id":5149,"href":"https:\/\/proni.hr\/old.proni.hr\/wp-json\/wp\/v2\/posts\/5125\/revisions\/5149"}],"wp:featuredmedia":[{"embeddable":true,"href":"https:\/\/proni.hr\/old.proni.hr\/wp-json\/wp\/v2\/media\/3702"}],"wp:attachment":[{"href":"https:\/\/proni.hr\/old.proni.hr\/wp-json\/wp\/v2\/media?parent=5125"}],"wp:term":[{"taxonomy":"category","embeddable":true,"href":"https:\/\/proni.hr\/old.proni.hr\/wp-json\/wp\/v2\/categories?post=5125"},{"taxonomy":"post_tag","embeddable":true,"href":"https:\/\/proni.hr\/old.proni.hr\/wp-json\/wp\/v2\/tags?post=5125"}],"curies":[{"name":"wp","href":"https:\/\/api.w.org\/{rel}","templated":true}]}}