{"id":5128,"date":"2019-05-29T12:44:24","date_gmt":"2019-05-29T12:44:24","guid":{"rendered":"http:\/\/proni.hr\/?p=5128"},"modified":"2019-05-31T13:04:02","modified_gmt":"2019-05-31T13:04:02","slug":"junaci-tesline-ulice-uredili-skolsku-ogradu","status":"publish","type":"post","link":"https:\/\/proni.hr\/old.proni.hr\/junaci-tesline-ulice-uredili-skolsku-ogradu\/","title":{"rendered":"Junaci Tesline ulice uredili \u0161kolsku ogradu"},"content":{"rendered":"<p>U srijedu,28.05., \u010dlanovi \u0161kolskog v0lonterskog kluba &#8220;Junaci Tesline ulice&#8221; Osnovne \u0161kole Nikole Tesle Mirkovci, organizirali su jo\u0161 jednu volontersku akciju u svojoj \u0161koli. Ovoga puta odlu\u010dili su obojati kolsku ogradu i na taj na\u010din dati doprinos u uljep\u0161avanju \u0161kole koja je trenutnu u fazi obnove.<\/p>\n<p>U samo akciji, pod nazivom \u201eObojimo \u0161kolsku ogradu\u201c, koja je imala za cilj u\u010diniti \u0161kolski prostor ugodnijim i ljep\u0161im za boravak u\u010denika, sudjelovali su vrijedni \u010dlanovi \u0161kolskog volonterskog kluba te \u0161kolsko osoblje.<\/p>\n<p>Ina\u010de, ova akcija organizirana je u okviru projekta &#8220;<a href=\"https:\/\/proni.hr\/old.proni.hr\/portfolio-items\/skolontiranje\/\">\u0160kolontiranje<\/a>&#8221; koji za cilj ima uspostaviti kvalitetne i odr\u017eive volonterske programe, posebice u odgojno-obrazovnim ustanovama.<\/p>\n<p>&nbsp;<\/p>\n<p><a href=\"https:\/\/proni.hr\/old.proni.hr\/wp-content\/uploads\/2019\/05\/\u0160kolska-volonterska-akcija-O\u0160-Nikole-Tesle-Mirkovci-4.jpg\"><img loading=\"lazy\" decoding=\"async\" class=\"aligncenter wp-image-5130\" src=\"https:\/\/proni.hr\/old.proni.hr\/wp-content\/uploads\/2019\/05\/\u0160kolska-volonterska-akcija-O\u0160-Nikole-Tesle-Mirkovci-4-300x169.jpg\" alt=\"\u0160kolska volonterska akcija - O\u0160 Nikole Tesle Mirkovci (4)\" width=\"499\" height=\"281\" srcset=\"https:\/\/proni.hr\/old.proni.hr\/wp-content\/uploads\/2019\/05\/\u0160kolska-volonterska-akcija-O\u0160-Nikole-Tesle-Mirkovci-4-300x169.jpg 300w, https:\/\/proni.hr\/old.proni.hr\/wp-content\/uploads\/2019\/05\/\u0160kolska-volonterska-akcija-O\u0160-Nikole-Tesle-Mirkovci-4-768x432.jpg 768w, https:\/\/proni.hr\/old.proni.hr\/wp-content\/uploads\/2019\/05\/\u0160kolska-volonterska-akcija-O\u0160-Nikole-Tesle-Mirkovci-4-1024x576.jpg 1024w, https:\/\/proni.hr\/old.proni.hr\/wp-content\/uploads\/2019\/05\/\u0160kolska-volonterska-akcija-O\u0160-Nikole-Tesle-Mirkovci-4-600x337.jpg 600w, https:\/\/proni.hr\/old.proni.hr\/wp-content\/uploads\/2019\/05\/\u0160kolska-volonterska-akcija-O\u0160-Nikole-Tesle-Mirkovci-4-280x157.jpg 280w, https:\/\/proni.hr\/old.proni.hr\/wp-content\/uploads\/2019\/05\/\u0160kolska-volonterska-akcija-O\u0160-Nikole-Tesle-Mirkovci-4.jpg 1067w\" sizes=\"(max-width: 499px) 100vw, 499px\" \/><\/a><\/p>\n<p><a href=\"https:\/\/proni.hr\/old.proni.hr\/wp-content\/uploads\/2019\/05\/\u0160kolska-volonterska-akcija-O\u0160-Nikole-Tesle-Mirkovci-5.jpg\"><img loading=\"lazy\" decoding=\"async\" class=\"aligncenter wp-image-5131\" src=\"https:\/\/proni.hr\/old.proni.hr\/wp-content\/uploads\/2019\/05\/\u0160kolska-volonterska-akcija-O\u0160-Nikole-Tesle-Mirkovci-5-300x169.jpg\" alt=\"\u0160kolska volonterska akcija - O\u0160 Nikole Tesle Mirkovci (5)\" width=\"499\" height=\"281\" srcset=\"https:\/\/proni.hr\/old.proni.hr\/wp-content\/uploads\/2019\/05\/\u0160kolska-volonterska-akcija-O\u0160-Nikole-Tesle-Mirkovci-5-300x169.jpg 300w, https:\/\/proni.hr\/old.proni.hr\/wp-content\/uploads\/2019\/05\/\u0160kolska-volonterska-akcija-O\u0160-Nikole-Tesle-Mirkovci-5-768x432.jpg 768w, https:\/\/proni.hr\/old.proni.hr\/wp-content\/uploads\/2019\/05\/\u0160kolska-volonterska-akcija-O\u0160-Nikole-Tesle-Mirkovci-5-1024x576.jpg 1024w, https:\/\/proni.hr\/old.proni.hr\/wp-content\/uploads\/2019\/05\/\u0160kolska-volonterska-akcija-O\u0160-Nikole-Tesle-Mirkovci-5-600x337.jpg 600w, https:\/\/proni.hr\/old.proni.hr\/wp-content\/uploads\/2019\/05\/\u0160kolska-volonterska-akcija-O\u0160-Nikole-Tesle-Mirkovci-5-280x157.jpg 280w, https:\/\/proni.hr\/old.proni.hr\/wp-content\/uploads\/2019\/05\/\u0160kolska-volonterska-akcija-O\u0160-Nikole-Tesle-Mirkovci-5.jpg 1067w\" sizes=\"(max-width: 499px) 100vw, 499px\" \/><\/a><\/p>\n<p><a href=\"https:\/\/proni.hr\/old.proni.hr\/wp-content\/uploads\/2019\/05\/\u0160kolska-volonterska-akcija-O\u0160-Nikole-Tesle-Mirkovci-9.jpg\"><img loading=\"lazy\" decoding=\"async\" class=\"aligncenter wp-image-5135\" src=\"https:\/\/proni.hr\/old.proni.hr\/wp-content\/uploads\/2019\/05\/\u0160kolska-volonterska-akcija-O\u0160-Nikole-Tesle-Mirkovci-9-300x200.jpg\" alt=\"\u0160kolska volonterska akcija - O\u0160 Nikole Tesle Mirkovci (9)\" width=\"498\" height=\"332\" srcset=\"https:\/\/proni.hr\/old.proni.hr\/wp-content\/uploads\/2019\/05\/\u0160kolska-volonterska-akcija-O\u0160-Nikole-Tesle-Mirkovci-9-300x200.jpg 300w, https:\/\/proni.hr\/old.proni.hr\/wp-content\/uploads\/2019\/05\/\u0160kolska-volonterska-akcija-O\u0160-Nikole-Tesle-Mirkovci-9-768x512.jpg 768w, https:\/\/proni.hr\/old.proni.hr\/wp-content\/uploads\/2019\/05\/\u0160kolska-volonterska-akcija-O\u0160-Nikole-Tesle-Mirkovci-9-1024x683.jpg 1024w, https:\/\/proni.hr\/old.proni.hr\/wp-content\/uploads\/2019\/05\/\u0160kolska-volonterska-akcija-O\u0160-Nikole-Tesle-Mirkovci-9-600x400.jpg 600w, https:\/\/proni.hr\/old.proni.hr\/wp-content\/uploads\/2019\/05\/\u0160kolska-volonterska-akcija-O\u0160-Nikole-Tesle-Mirkovci-9-240x160.jpg 240w, https:\/\/proni.hr\/old.proni.hr\/wp-content\/uploads\/2019\/05\/\u0160kolska-volonterska-akcija-O\u0160-Nikole-Tesle-Mirkovci-9.jpg 1200w\" sizes=\"(max-width: 498px) 100vw, 498px\" \/><\/a><\/p>\n<p><a href=\"https:\/\/proni.hr\/old.proni.hr\/wp-content\/uploads\/2019\/05\/\u0160kolska-volonterska-akcija-O\u0160-Nikole-Tesle-Mirkovci-16.jpg\"><img loading=\"lazy\" decoding=\"async\" class=\"aligncenter wp-image-5134\" src=\"https:\/\/proni.hr\/old.proni.hr\/wp-content\/uploads\/2019\/05\/\u0160kolska-volonterska-akcija-O\u0160-Nikole-Tesle-Mirkovci-16-300x200.jpg\" alt=\"\u0160kolska volonterska akcija - O\u0160 Nikole Tesle Mirkovci (16)\" width=\"498\" height=\"332\" srcset=\"https:\/\/proni.hr\/old.proni.hr\/wp-content\/uploads\/2019\/05\/\u0160kolska-volonterska-akcija-O\u0160-Nikole-Tesle-Mirkovci-16-300x200.jpg 300w, https:\/\/proni.hr\/old.proni.hr\/wp-content\/uploads\/2019\/05\/\u0160kolska-volonterska-akcija-O\u0160-Nikole-Tesle-Mirkovci-16-768x512.jpg 768w, https:\/\/proni.hr\/old.proni.hr\/wp-content\/uploads\/2019\/05\/\u0160kolska-volonterska-akcija-O\u0160-Nikole-Tesle-Mirkovci-16-1024x683.jpg 1024w, https:\/\/proni.hr\/old.proni.hr\/wp-content\/uploads\/2019\/05\/\u0160kolska-volonterska-akcija-O\u0160-Nikole-Tesle-Mirkovci-16-600x400.jpg 600w, https:\/\/proni.hr\/old.proni.hr\/wp-content\/uploads\/2019\/05\/\u0160kolska-volonterska-akcija-O\u0160-Nikole-Tesle-Mirkovci-16-240x160.jpg 240w, https:\/\/proni.hr\/old.proni.hr\/wp-content\/uploads\/2019\/05\/\u0160kolska-volonterska-akcija-O\u0160-Nikole-Tesle-Mirkovci-16.jpg 1200w\" sizes=\"(max-width: 498px) 100vw, 498px\" \/><\/a><\/p>\n<p><a href=\"https:\/\/proni.hr\/old.proni.hr\/wp-content\/uploads\/2019\/05\/\u0160kolska-volonterska-akcija-O\u0160-Nikole-Tesle-Mirkovci-7.jpg\"><img loading=\"lazy\" decoding=\"async\" class=\"aligncenter wp-image-5132\" src=\"https:\/\/proni.hr\/old.proni.hr\/wp-content\/uploads\/2019\/05\/\u0160kolska-volonterska-akcija-O\u0160-Nikole-Tesle-Mirkovci-7-300x225.jpg\" alt=\"\u0160kolska volonterska akcija - O\u0160 Nikole Tesle Mirkovci (7)\" width=\"499\" height=\"374\" srcset=\"https:\/\/proni.hr\/old.proni.hr\/wp-content\/uploads\/2019\/05\/\u0160kolska-volonterska-akcija-O\u0160-Nikole-Tesle-Mirkovci-7-300x225.jpg 300w, https:\/\/proni.hr\/old.proni.hr\/wp-content\/uploads\/2019\/05\/\u0160kolska-volonterska-akcija-O\u0160-Nikole-Tesle-Mirkovci-7-768x576.jpg 768w, https:\/\/proni.hr\/old.proni.hr\/wp-content\/uploads\/2019\/05\/\u0160kolska-volonterska-akcija-O\u0160-Nikole-Tesle-Mirkovci-7-1024x768.jpg 1024w, https:\/\/proni.hr\/old.proni.hr\/wp-content\/uploads\/2019\/05\/\u0160kolska-volonterska-akcija-O\u0160-Nikole-Tesle-Mirkovci-7-600x450.jpg 600w, https:\/\/proni.hr\/old.proni.hr\/wp-content\/uploads\/2019\/05\/\u0160kolska-volonterska-akcija-O\u0160-Nikole-Tesle-Mirkovci-7-213x160.jpg 213w, https:\/\/proni.hr\/old.proni.hr\/wp-content\/uploads\/2019\/05\/\u0160kolska-volonterska-akcija-O\u0160-Nikole-Tesle-Mirkovci-7.jpg 1067w\" sizes=\"(max-width: 499px) 100vw, 499px\" \/><\/a><\/p>\n<p>&nbsp;<\/p>\n","protected":false},"excerpt":{"rendered":"<p>U srijedu,28.05., \u010dlanovi \u0161kolskog v0lonterskog kluba &#8220;Junaci Tesline ulice&#8221; Osnovne \u0161kole Nikole Tesle Mirkovci, organizirali su jo\u0161 jednu volontersku akciju u svojoj \u0161koli. Ovoga puta odlu\u010dili su obojati kolsku ogradu i na taj na\u010din dati doprinos u uljep\u0161avanju \u0161kole koja je trenutnu u fazi obnove. U samo akciji, pod nazivom \u201eObojimo \u0161kolsku ogradu\u201c, koja je [&hellip;]<\/p>\n","protected":false},"author":4,"featured_media":5129,"comment_status":"closed","ping_status":"open","sticky":false,"template":"","format":"standard","meta":{"footnotes":""},"categories":[4],"tags":[],"_links":{"self":[{"href":"https:\/\/proni.hr\/old.proni.hr\/wp-json\/wp\/v2\/posts\/5128"}],"collection":[{"href":"https:\/\/proni.hr\/old.proni.hr\/wp-json\/wp\/v2\/posts"}],"about":[{"href":"https:\/\/proni.hr\/old.proni.hr\/wp-json\/wp\/v2\/types\/post"}],"author":[{"embeddable":true,"href":"https:\/\/proni.hr\/old.proni.hr\/wp-json\/wp\/v2\/users\/4"}],"replies":[{"embeddable":true,"href":"https:\/\/proni.hr\/old.proni.hr\/wp-json\/wp\/v2\/comments?post=5128"}],"version-history":[{"count":2,"href":"https:\/\/proni.hr\/old.proni.hr\/wp-json\/wp\/v2\/posts\/5128\/revisions"}],"predecessor-version":[{"id":5137,"href":"https:\/\/proni.hr\/old.proni.hr\/wp-json\/wp\/v2\/posts\/5128\/revisions\/5137"}],"wp:featuredmedia":[{"embeddable":true,"href":"https:\/\/proni.hr\/old.proni.hr\/wp-json\/wp\/v2\/media\/5129"}],"wp:attachment":[{"href":"https:\/\/proni.hr\/old.proni.hr\/wp-json\/wp\/v2\/media?parent=5128"}],"wp:term":[{"taxonomy":"category","embeddable":true,"href":"https:\/\/proni.hr\/old.proni.hr\/wp-json\/wp\/v2\/categories?post=5128"},{"taxonomy":"post_tag","embeddable":true,"href":"https:\/\/proni.hr\/old.proni.hr\/wp-json\/wp\/v2\/tags?post=5128"}],"curies":[{"name":"wp","href":"https:\/\/api.w.org\/{rel}","templated":true}]}}