{"id":5138,"date":"2019-05-30T13:10:00","date_gmt":"2019-05-30T13:10:00","guid":{"rendered":"http:\/\/proni.hr\/?p=5138"},"modified":"2019-05-31T13:26:11","modified_gmt":"2019-05-31T13:26:11","slug":"skolonteri-os-nikole-andric-vukovar-u-skolskoj-akciji","status":"publish","type":"post","link":"https:\/\/proni.hr\/old.proni.hr\/skolonteri-os-nikole-andric-vukovar-u-skolskoj-akciji\/","title":{"rendered":"\u0160kolonteri O\u0160 Nikole Andri\u0107 Vukovar u \u0161kolskoj akciji"},"content":{"rendered":"<p>Iako se bli\u017ei kraj \u0161kolske godine, vrijedni \u0161kolonteri Osnovne \u0161kole Nikole Andri\u0107a nisu posustali u provo\u0111enju volonterskih akcija. Tako su, u \u010detvrtak 30.svibnja zajedno sa \u0161kolskim osobljem proveli volontersku akciju \u010dlanovi kluba bojali u\u010dionicu na otvorenom te sjenicu u dvori\u0161tu \u0161kole te na taj na\u010din uljep\u0161ali prostor svoje \u0161kole, ali i \u0161kole Antuna Bauera u \u010dijim prostorima borave i rade.<\/p>\n<p>Ina\u010de, ova akcija samo je jedna u nizu provedenih aktivnosti u okviru projekta &#8220;<a href=\"https:\/\/proni.hr\/old.proni.hr\/portfolio-items\/skolontiranje\/\">\u0160kolontiranje<\/a>&#8221; koji za cilj ima uspostaviti kvalitetne i odr\u017eive volonterske programe, posebice u odgojno-obrazovnim ustanovama.<\/p>\n<p>&nbsp;<\/p>\n<p><a href=\"https:\/\/proni.hr\/old.proni.hr\/wp-content\/uploads\/2019\/05\/\u0160kolska-volonterska-akcija-O\u0160-Nikole-Andri\u0107a-Vukovar-11.jpg\"><img loading=\"lazy\" decoding=\"async\" class=\"aligncenter  wp-image-5143\" src=\"https:\/\/proni.hr\/old.proni.hr\/wp-content\/uploads\/2019\/05\/\u0160kolska-volonterska-akcija-O\u0160-Nikole-Andri\u0107a-Vukovar-11-300x225.jpg\" alt=\"\u0160kolska volonterska akcija - O\u0160 Nikole Andri\u0107a Vukovar (11)\" width=\"499\" height=\"374\" srcset=\"https:\/\/proni.hr\/old.proni.hr\/wp-content\/uploads\/2019\/05\/\u0160kolska-volonterska-akcija-O\u0160-Nikole-Andri\u0107a-Vukovar-11-300x225.jpg 300w, https:\/\/proni.hr\/old.proni.hr\/wp-content\/uploads\/2019\/05\/\u0160kolska-volonterska-akcija-O\u0160-Nikole-Andri\u0107a-Vukovar-11-768x576.jpg 768w, https:\/\/proni.hr\/old.proni.hr\/wp-content\/uploads\/2019\/05\/\u0160kolska-volonterska-akcija-O\u0160-Nikole-Andri\u0107a-Vukovar-11-1024x768.jpg 1024w, https:\/\/proni.hr\/old.proni.hr\/wp-content\/uploads\/2019\/05\/\u0160kolska-volonterska-akcija-O\u0160-Nikole-Andri\u0107a-Vukovar-11-600x450.jpg 600w, https:\/\/proni.hr\/old.proni.hr\/wp-content\/uploads\/2019\/05\/\u0160kolska-volonterska-akcija-O\u0160-Nikole-Andri\u0107a-Vukovar-11-213x160.jpg 213w, https:\/\/proni.hr\/old.proni.hr\/wp-content\/uploads\/2019\/05\/\u0160kolska-volonterska-akcija-O\u0160-Nikole-Andri\u0107a-Vukovar-11.jpg 1280w\" sizes=\"(max-width: 499px) 100vw, 499px\" \/><\/a><\/p>\n<p><a href=\"https:\/\/proni.hr\/old.proni.hr\/wp-content\/uploads\/2019\/05\/\u0160kolska-volonterska-akcija-O\u0160-Nikole-Andri\u0107a-Vukovar-10.jpg\"><img loading=\"lazy\" decoding=\"async\" class=\"aligncenter  wp-image-5142\" src=\"https:\/\/proni.hr\/old.proni.hr\/wp-content\/uploads\/2019\/05\/\u0160kolska-volonterska-akcija-O\u0160-Nikole-Andri\u0107a-Vukovar-10-300x225.jpg\" alt=\"\u0160kolska volonterska akcija - O\u0160 Nikole Andri\u0107a Vukovar (10)\" width=\"499\" height=\"374\" srcset=\"https:\/\/proni.hr\/old.proni.hr\/wp-content\/uploads\/2019\/05\/\u0160kolska-volonterska-akcija-O\u0160-Nikole-Andri\u0107a-Vukovar-10-300x225.jpg 300w, https:\/\/proni.hr\/old.proni.hr\/wp-content\/uploads\/2019\/05\/\u0160kolska-volonterska-akcija-O\u0160-Nikole-Andri\u0107a-Vukovar-10-768x576.jpg 768w, https:\/\/proni.hr\/old.proni.hr\/wp-content\/uploads\/2019\/05\/\u0160kolska-volonterska-akcija-O\u0160-Nikole-Andri\u0107a-Vukovar-10-1024x768.jpg 1024w, https:\/\/proni.hr\/old.proni.hr\/wp-content\/uploads\/2019\/05\/\u0160kolska-volonterska-akcija-O\u0160-Nikole-Andri\u0107a-Vukovar-10-600x450.jpg 600w, https:\/\/proni.hr\/old.proni.hr\/wp-content\/uploads\/2019\/05\/\u0160kolska-volonterska-akcija-O\u0160-Nikole-Andri\u0107a-Vukovar-10-213x160.jpg 213w, https:\/\/proni.hr\/old.proni.hr\/wp-content\/uploads\/2019\/05\/\u0160kolska-volonterska-akcija-O\u0160-Nikole-Andri\u0107a-Vukovar-10.jpg 1280w\" sizes=\"(max-width: 499px) 100vw, 499px\" \/><\/a><\/p>\n<p><a href=\"https:\/\/proni.hr\/old.proni.hr\/wp-content\/uploads\/2019\/05\/\u0160kolska-volonterska-akcija-O\u0160-Nikole-Andri\u0107a-Vukovar-9.jpg\"><img loading=\"lazy\" decoding=\"async\" class=\"aligncenter  wp-image-5141\" src=\"https:\/\/proni.hr\/old.proni.hr\/wp-content\/uploads\/2019\/05\/\u0160kolska-volonterska-akcija-O\u0160-Nikole-Andri\u0107a-Vukovar-9-300x225.jpg\" alt=\"\u0160kolska volonterska akcija - O\u0160 Nikole Andri\u0107a Vukovar (9)\" width=\"499\" height=\"374\" srcset=\"https:\/\/proni.hr\/old.proni.hr\/wp-content\/uploads\/2019\/05\/\u0160kolska-volonterska-akcija-O\u0160-Nikole-Andri\u0107a-Vukovar-9-300x225.jpg 300w, https:\/\/proni.hr\/old.proni.hr\/wp-content\/uploads\/2019\/05\/\u0160kolska-volonterska-akcija-O\u0160-Nikole-Andri\u0107a-Vukovar-9-768x576.jpg 768w, https:\/\/proni.hr\/old.proni.hr\/wp-content\/uploads\/2019\/05\/\u0160kolska-volonterska-akcija-O\u0160-Nikole-Andri\u0107a-Vukovar-9-1024x768.jpg 1024w, https:\/\/proni.hr\/old.proni.hr\/wp-content\/uploads\/2019\/05\/\u0160kolska-volonterska-akcija-O\u0160-Nikole-Andri\u0107a-Vukovar-9-600x450.jpg 600w, https:\/\/proni.hr\/old.proni.hr\/wp-content\/uploads\/2019\/05\/\u0160kolska-volonterska-akcija-O\u0160-Nikole-Andri\u0107a-Vukovar-9-213x160.jpg 213w, https:\/\/proni.hr\/old.proni.hr\/wp-content\/uploads\/2019\/05\/\u0160kolska-volonterska-akcija-O\u0160-Nikole-Andri\u0107a-Vukovar-9.jpg 1280w\" sizes=\"(max-width: 499px) 100vw, 499px\" \/><\/a><\/p>\n<p><a href=\"https:\/\/proni.hr\/old.proni.hr\/wp-content\/uploads\/2019\/05\/\u0160kolska-volonterska-akcija-O\u0160-Nikole-Andri\u0107a-Vukovar-8.jpg\"><img loading=\"lazy\" decoding=\"async\" class=\"aligncenter  wp-image-5140\" src=\"https:\/\/proni.hr\/old.proni.hr\/wp-content\/uploads\/2019\/05\/\u0160kolska-volonterska-akcija-O\u0160-Nikole-Andri\u0107a-Vukovar-8-300x225.jpg\" alt=\"\u0160kolska volonterska akcija - O\u0160 Nikole Andri\u0107a Vukovar (8)\" width=\"499\" height=\"374\" srcset=\"https:\/\/proni.hr\/old.proni.hr\/wp-content\/uploads\/2019\/05\/\u0160kolska-volonterska-akcija-O\u0160-Nikole-Andri\u0107a-Vukovar-8-300x225.jpg 300w, https:\/\/proni.hr\/old.proni.hr\/wp-content\/uploads\/2019\/05\/\u0160kolska-volonterska-akcija-O\u0160-Nikole-Andri\u0107a-Vukovar-8-768x576.jpg 768w, https:\/\/proni.hr\/old.proni.hr\/wp-content\/uploads\/2019\/05\/\u0160kolska-volonterska-akcija-O\u0160-Nikole-Andri\u0107a-Vukovar-8-1024x768.jpg 1024w, https:\/\/proni.hr\/old.proni.hr\/wp-content\/uploads\/2019\/05\/\u0160kolska-volonterska-akcija-O\u0160-Nikole-Andri\u0107a-Vukovar-8-600x450.jpg 600w, https:\/\/proni.hr\/old.proni.hr\/wp-content\/uploads\/2019\/05\/\u0160kolska-volonterska-akcija-O\u0160-Nikole-Andri\u0107a-Vukovar-8-213x160.jpg 213w, https:\/\/proni.hr\/old.proni.hr\/wp-content\/uploads\/2019\/05\/\u0160kolska-volonterska-akcija-O\u0160-Nikole-Andri\u0107a-Vukovar-8.jpg 1280w\" sizes=\"(max-width: 499px) 100vw, 499px\" \/><\/a><\/p>\n<p><a href=\"https:\/\/proni.hr\/old.proni.hr\/wp-content\/uploads\/2019\/05\/\u0160kolska-volonterska-akcija-O\u0160-Nikole-Andri\u0107a-Vukovar-7.jpg\"><img loading=\"lazy\" decoding=\"async\" class=\"aligncenter  wp-image-5139\" src=\"https:\/\/proni.hr\/old.proni.hr\/wp-content\/uploads\/2019\/05\/\u0160kolska-volonterska-akcija-O\u0160-Nikole-Andri\u0107a-Vukovar-7-300x225.jpg\" alt=\"\u0160kolska volonterska akcija - O\u0160 Nikole Andri\u0107a Vukovar (7)\" width=\"499\" height=\"374\" srcset=\"https:\/\/proni.hr\/old.proni.hr\/wp-content\/uploads\/2019\/05\/\u0160kolska-volonterska-akcija-O\u0160-Nikole-Andri\u0107a-Vukovar-7-300x225.jpg 300w, https:\/\/proni.hr\/old.proni.hr\/wp-content\/uploads\/2019\/05\/\u0160kolska-volonterska-akcija-O\u0160-Nikole-Andri\u0107a-Vukovar-7-768x576.jpg 768w, https:\/\/proni.hr\/old.proni.hr\/wp-content\/uploads\/2019\/05\/\u0160kolska-volonterska-akcija-O\u0160-Nikole-Andri\u0107a-Vukovar-7-1024x768.jpg 1024w, https:\/\/proni.hr\/old.proni.hr\/wp-content\/uploads\/2019\/05\/\u0160kolska-volonterska-akcija-O\u0160-Nikole-Andri\u0107a-Vukovar-7-600x450.jpg 600w, https:\/\/proni.hr\/old.proni.hr\/wp-content\/uploads\/2019\/05\/\u0160kolska-volonterska-akcija-O\u0160-Nikole-Andri\u0107a-Vukovar-7-213x160.jpg 213w, https:\/\/proni.hr\/old.proni.hr\/wp-content\/uploads\/2019\/05\/\u0160kolska-volonterska-akcija-O\u0160-Nikole-Andri\u0107a-Vukovar-7.jpg 1280w\" sizes=\"(max-width: 499px) 100vw, 499px\" \/><\/a><\/p>\n","protected":false},"excerpt":{"rendered":"<p>Iako se bli\u017ei kraj \u0161kolske godine, vrijedni \u0161kolonteri Osnovne \u0161kole Nikole Andri\u0107a nisu posustali u provo\u0111enju volonterskih akcija. Tako su, u \u010detvrtak 30.svibnja zajedno sa \u0161kolskim osobljem proveli volontersku akciju \u010dlanovi kluba bojali u\u010dionicu na otvorenom te sjenicu u dvori\u0161tu \u0161kole te na taj na\u010din uljep\u0161ali prostor svoje \u0161kole, ali i \u0161kole Antuna Bauera u [&hellip;]<\/p>\n","protected":false},"author":4,"featured_media":5144,"comment_status":"closed","ping_status":"open","sticky":false,"template":"","format":"standard","meta":{"footnotes":""},"categories":[4],"tags":[],"_links":{"self":[{"href":"https:\/\/proni.hr\/old.proni.hr\/wp-json\/wp\/v2\/posts\/5138"}],"collection":[{"href":"https:\/\/proni.hr\/old.proni.hr\/wp-json\/wp\/v2\/posts"}],"about":[{"href":"https:\/\/proni.hr\/old.proni.hr\/wp-json\/wp\/v2\/types\/post"}],"author":[{"embeddable":true,"href":"https:\/\/proni.hr\/old.proni.hr\/wp-json\/wp\/v2\/users\/4"}],"replies":[{"embeddable":true,"href":"https:\/\/proni.hr\/old.proni.hr\/wp-json\/wp\/v2\/comments?post=5138"}],"version-history":[{"count":1,"href":"https:\/\/proni.hr\/old.proni.hr\/wp-json\/wp\/v2\/posts\/5138\/revisions"}],"predecessor-version":[{"id":5146,"href":"https:\/\/proni.hr\/old.proni.hr\/wp-json\/wp\/v2\/posts\/5138\/revisions\/5146"}],"wp:featuredmedia":[{"embeddable":true,"href":"https:\/\/proni.hr\/old.proni.hr\/wp-json\/wp\/v2\/media\/5144"}],"wp:attachment":[{"href":"https:\/\/proni.hr\/old.proni.hr\/wp-json\/wp\/v2\/media?parent=5138"}],"wp:term":[{"taxonomy":"category","embeddable":true,"href":"https:\/\/proni.hr\/old.proni.hr\/wp-json\/wp\/v2\/categories?post=5138"},{"taxonomy":"post_tag","embeddable":true,"href":"https:\/\/proni.hr\/old.proni.hr\/wp-json\/wp\/v2\/tags?post=5138"}],"curies":[{"name":"wp","href":"https:\/\/api.w.org\/{rel}","templated":true}]}}