{"id":515,"date":"2015-01-05T19:48:59","date_gmt":"2015-01-05T19:48:59","guid":{"rendered":"http:\/\/proni.hr\/?p=515"},"modified":"2015-01-05T19:48:59","modified_gmt":"2015-01-05T19:48:59","slug":"novi-prostori-za-mlade-u-vukovaru","status":"publish","type":"post","link":"https:\/\/proni.hr\/old.proni.hr\/novi-prostori-za-mlade-u-vukovaru\/","title":{"rendered":"Novi prostori za mlade u Vukovaru"},"content":{"rendered":"<p>Od petka 20.velja\u010de, PRONI Centar za socijalno podu\u010davanje u svojim\u00a0<a href=\"http:\/\/www.proni.hr\/index.php\/vijesti\/index.php\/gdje-smo-\/Gdje-smo.html\" target=\"_blank\">novim prostorijama<\/a>\u00a0u Vukovaru, otvorio je Informativni centar za mlade. Ovaj centar ure\u0111en je i\u00a0opremljen u\u00a0 sklopu\u00a0<span style=\"font-family: Arial; font-size: small;\">partenerskog projekta<\/span>\u00a0<span style=\"font-family: Arial; font-size: small;\"><a href=\"http:\/\/www.proni.hr\/index.php\/vijesti\/index.php\/aktivni-projekti\/-Sve-za-tebe-PHARE-2006.html\" target=\"_blank\">&#8220;All\u00a0for You&#8221; &#8211; &#8220;Sve za tebe&#8221;<\/a>, sredstvima Europske unije kroz program PHARE 2006<\/span>.\u00a0\u00a0Mladima grada Vukovara, ovim centrom, osigurani su uvjeti za kvalitetno i pravovremeno informiranje, te savjetovanje, sudjelovanje na okruglim stolovima i drugim aktivnostima usmjerenim ka informiranju i savjetovanju mladih.<br \/>\nPored novootvorenih prostorija, Informativni centar za mlade i dalje \u0107e sve informacije pru\u017eati putem ve\u0107 dobro poznate web stranice za mlade &#8211;\u00a0<a href=\"http:\/\/www.icm-vukovar.info\/\">www.icm-vukovar.info<\/a>.<br \/>\nTako\u0111er, u istim prostorijama, kroz program potpore organizacijama civilnoga dru\u0161tva Slavonije i Baranje \u2013 pod nazivom \u0160alter, kojeg financira\u00a0\u00a0<a href=\"http:\/\/zaklada.civilnodrustvo.hr\/\" target=\"_blank\">Nacionalna zaklada za razvoj civilnoga dru\u0161tva<\/a>, pru\u017eat \u0107e se informacije i savjeti organizacijama civilnoga dru\u0161tva, koje djeluju na podru\u010dju clijele Vukovarsko-srijemske \u017eupanije.<\/p>\n","protected":false},"excerpt":{"rendered":"<p>Od petka 20.velja\u010de, PRONI Centar za socijalno podu\u010davanje u svojim\u00a0novim prostorijama\u00a0u Vukovaru, otvorio je Informativni centar za mlade. Ovaj centar ure\u0111en je i\u00a0opremljen u\u00a0 sklopu\u00a0partenerskog projekta\u00a0&#8220;All\u00a0for You&#8221; &#8211; &#8220;Sve za tebe&#8221;, sredstvima Europske unije kroz program PHARE 2006.\u00a0\u00a0Mladima grada Vukovara, ovim centrom, osigurani su uvjeti za kvalitetno i pravovremeno informiranje, te savjetovanje, sudjelovanje na okruglim [&hellip;]<\/p>\n","protected":false},"author":5,"featured_media":0,"comment_status":"open","ping_status":"open","sticky":false,"template":"","format":"standard","meta":{"footnotes":""},"categories":[4],"tags":[],"_links":{"self":[{"href":"https:\/\/proni.hr\/old.proni.hr\/wp-json\/wp\/v2\/posts\/515"}],"collection":[{"href":"https:\/\/proni.hr\/old.proni.hr\/wp-json\/wp\/v2\/posts"}],"about":[{"href":"https:\/\/proni.hr\/old.proni.hr\/wp-json\/wp\/v2\/types\/post"}],"author":[{"embeddable":true,"href":"https:\/\/proni.hr\/old.proni.hr\/wp-json\/wp\/v2\/users\/5"}],"replies":[{"embeddable":true,"href":"https:\/\/proni.hr\/old.proni.hr\/wp-json\/wp\/v2\/comments?post=515"}],"version-history":[{"count":0,"href":"https:\/\/proni.hr\/old.proni.hr\/wp-json\/wp\/v2\/posts\/515\/revisions"}],"wp:attachment":[{"href":"https:\/\/proni.hr\/old.proni.hr\/wp-json\/wp\/v2\/media?parent=515"}],"wp:term":[{"taxonomy":"category","embeddable":true,"href":"https:\/\/proni.hr\/old.proni.hr\/wp-json\/wp\/v2\/categories?post=515"},{"taxonomy":"post_tag","embeddable":true,"href":"https:\/\/proni.hr\/old.proni.hr\/wp-json\/wp\/v2\/tags?post=515"}],"curies":[{"name":"wp","href":"https:\/\/api.w.org\/{rel}","templated":true}]}}