{"id":5153,"date":"2019-06-04T12:03:33","date_gmt":"2019-06-04T12:03:33","guid":{"rendered":"http:\/\/proni.hr\/?p=5153"},"modified":"2019-06-04T12:03:33","modified_gmt":"2019-06-04T12:03:33","slug":"vumi10-dan-informiranja-mladih-vukovar","status":"publish","type":"post","link":"https:\/\/proni.hr\/old.proni.hr\/vumi10-dan-informiranja-mladih-vukovar\/","title":{"rendered":"#VuMi10 &#8211; Dan informiranja mladih Vukovar"},"content":{"rendered":"<p>PRONI Centar za socijalno podu\u010davanje, u okviru programa \u201cInfo centar za mlade Vukovar\u201d, desetu godinu zaredom organizira Dana informiranja mladih pod nazivom \u201eVuMi\u201c. Dan informiranja mladih \u0107e se odr\u017eati u petak, 7. lipnja 2019. u Gradskoj knji\u017enici Vukovar, Odjel Spajalica, od 10:00 do 12:00 sati.<\/p>\n<p>Glavni cilj sajma je podi\u0107i razinu informiranosti mladih o mogu\u0107nostima i izborima koji im se nude, te ukazati javnosti na potrebu i dobrobit me\u0111usektorske suradnje u zajednici u svrhu razvoja kvalitetnijeg \u017eivota mladih na podru\u010dju grada Vukovara.<\/p>\n<p><a href=\"https:\/\/proni.hr\/old.proni.hr\/wp-content\/uploads\/2019\/06\/Vumi_2019-Program.jpg\"><img loading=\"lazy\" decoding=\"async\" class=\"aligncenter  wp-image-5152\" src=\"https:\/\/proni.hr\/old.proni.hr\/wp-content\/uploads\/2019\/06\/Vumi_2019-Program-300x150.jpg\" alt=\"Vumi_2019 - Program\" width=\"526\" height=\"263\" srcset=\"https:\/\/proni.hr\/old.proni.hr\/wp-content\/uploads\/2019\/06\/Vumi_2019-Program-300x150.jpg 300w, https:\/\/proni.hr\/old.proni.hr\/wp-content\/uploads\/2019\/06\/Vumi_2019-Program-768x384.jpg 768w, https:\/\/proni.hr\/old.proni.hr\/wp-content\/uploads\/2019\/06\/Vumi_2019-Program-1024x512.jpg 1024w, https:\/\/proni.hr\/old.proni.hr\/wp-content\/uploads\/2019\/06\/Vumi_2019-Program-600x300.jpg 600w, https:\/\/proni.hr\/old.proni.hr\/wp-content\/uploads\/2019\/06\/Vumi_2019-Program-280x140.jpg 280w\" sizes=\"(max-width: 526px) 100vw, 526px\" \/><\/a><\/p>\n<p>Danom informiranja mladih VuMi \u017eelimo podi\u0107i razinu informiranosti mladih kroz konkretne obrazovno-informativne aktivnosti u gradu. Planirane aktivnosti: Informativka \u201eKoje gre\u0161ke u razmi\u0161ljanju stvaraju krive emocije?\u201d\u201c, promocija i provedba kampanje #Informirajse, Info to\u010dke za mlade srednjo\u0161kolce, Online informativka, Info \u0161tandovi partnera, Online informiranje.<br \/>\nU sklopu VuMi-ja odr\u017eat \u0107emo dodatno i predstavljanje rezultata mladih vukovaraca koji su sudjelovali u kreativnim ciklusima projekta \u201ePokretne slike umjetnosti i kulture\u201c. U sklopu javnog doga\u0111anja organizirat \u0107emo: izlo\u017ebu radova nastali u okviru radionica primijenjenog dizajna, zatim izlo\u017ebu fotografija sudionika radionice multimedije te jednu novu plesnu koreografiju koju su mladi kreirali kroz projekt.<\/p>\n<p><a href=\"https:\/\/proni.hr\/old.proni.hr\/wp-content\/uploads\/2019\/06\/Koje-gre\u0161ke-u-razmi\u0161ljanju-stvaraju-_krive-emocije__.png\"><img loading=\"lazy\" decoding=\"async\" class=\"aligncenter  wp-image-5151\" src=\"https:\/\/proni.hr\/old.proni.hr\/wp-content\/uploads\/2019\/06\/Koje-gre\u0161ke-u-razmi\u0161ljanju-stvaraju-_krive-emocije__-212x300.png\" alt=\"Koje gre\u0161ke u razmi\u0161ljanju stvaraju _krive emocije__\" width=\"324\" height=\"459\" srcset=\"https:\/\/proni.hr\/old.proni.hr\/wp-content\/uploads\/2019\/06\/Koje-gre\u0161ke-u-razmi\u0161ljanju-stvaraju-_krive-emocije__-212x300.png 212w, https:\/\/proni.hr\/old.proni.hr\/wp-content\/uploads\/2019\/06\/Koje-gre\u0161ke-u-razmi\u0161ljanju-stvaraju-_krive-emocije__-768x1086.png 768w, https:\/\/proni.hr\/old.proni.hr\/wp-content\/uploads\/2019\/06\/Koje-gre\u0161ke-u-razmi\u0161ljanju-stvaraju-_krive-emocije__-724x1024.png 724w, https:\/\/proni.hr\/old.proni.hr\/wp-content\/uploads\/2019\/06\/Koje-gre\u0161ke-u-razmi\u0161ljanju-stvaraju-_krive-emocije__-424x600.png 424w, https:\/\/proni.hr\/old.proni.hr\/wp-content\/uploads\/2019\/06\/Koje-gre\u0161ke-u-razmi\u0161ljanju-stvaraju-_krive-emocije__-113x160.png 113w, https:\/\/proni.hr\/old.proni.hr\/wp-content\/uploads\/2019\/06\/Koje-gre\u0161ke-u-razmi\u0161ljanju-stvaraju-_krive-emocije__.png 1587w\" sizes=\"(max-width: 324px) 100vw, 324px\" \/><\/a><\/p>\n<p>Deseti, jubilarni, VuMi 2019 u obliku projekta osmi\u0161ljen je kao, i prethodnih godina, kao uvodna aktivnost Dana mladih Vukovar budu\u0107i da \u0107e, osim provedbe planiranih aktivnosti s ciljem podizanja razine informiranosti i svijesti o zna\u010daju informiranja, imati za cilj informirati mlade o cjelokupni doga\u0111anjim u okviru Dana mladih Vukovar 2019. Inicijativa za organiziranje Sajma pokrenuta je od strane Savjetodavnog odbora Info centra za mlade Vukovar, sastavljenog od predstavnika Grada Vukovara, Policijske postaje Vukovar \u2013 Policije u zajednici, Hrvatskog zavoda za zapo\u0161ljavanje \u2013 Podru\u010dne slu\u017ebe Vukovar, te Europskog doma Vukovar, koji su ujedno i suorganizatori Sajma.<\/p>\n<p>Dodatna potpora ove godine organizaciji Dana informiranja mladih je Gradski savjet mladih grada Vukovara, koji je ove godine jedan od suorganizatora VuMi-a.<\/p>\n<p>Dan informiranja mladih financijski je podr\u017eao Grad Vukovar.<\/p>\n","protected":false},"excerpt":{"rendered":"<p>PRONI Centar za socijalno podu\u010davanje, u okviru programa \u201cInfo centar za mlade Vukovar\u201d, desetu godinu zaredom organizira Dana informiranja mladih pod nazivom \u201eVuMi\u201c. Dan informiranja mladih \u0107e se odr\u017eati u petak, 7. lipnja 2019. u Gradskoj knji\u017enici Vukovar, Odjel Spajalica, od 10:00 do 12:00 sati. Glavni cilj sajma je podi\u0107i razinu informiranosti mladih o mogu\u0107nostima [&hellip;]<\/p>\n","protected":false},"author":4,"featured_media":5150,"comment_status":"closed","ping_status":"open","sticky":false,"template":"","format":"standard","meta":{"footnotes":""},"categories":[4],"tags":[],"_links":{"self":[{"href":"https:\/\/proni.hr\/old.proni.hr\/wp-json\/wp\/v2\/posts\/5153"}],"collection":[{"href":"https:\/\/proni.hr\/old.proni.hr\/wp-json\/wp\/v2\/posts"}],"about":[{"href":"https:\/\/proni.hr\/old.proni.hr\/wp-json\/wp\/v2\/types\/post"}],"author":[{"embeddable":true,"href":"https:\/\/proni.hr\/old.proni.hr\/wp-json\/wp\/v2\/users\/4"}],"replies":[{"embeddable":true,"href":"https:\/\/proni.hr\/old.proni.hr\/wp-json\/wp\/v2\/comments?post=5153"}],"version-history":[{"count":2,"href":"https:\/\/proni.hr\/old.proni.hr\/wp-json\/wp\/v2\/posts\/5153\/revisions"}],"predecessor-version":[{"id":5155,"href":"https:\/\/proni.hr\/old.proni.hr\/wp-json\/wp\/v2\/posts\/5153\/revisions\/5155"}],"wp:featuredmedia":[{"embeddable":true,"href":"https:\/\/proni.hr\/old.proni.hr\/wp-json\/wp\/v2\/media\/5150"}],"wp:attachment":[{"href":"https:\/\/proni.hr\/old.proni.hr\/wp-json\/wp\/v2\/media?parent=5153"}],"wp:term":[{"taxonomy":"category","embeddable":true,"href":"https:\/\/proni.hr\/old.proni.hr\/wp-json\/wp\/v2\/categories?post=5153"},{"taxonomy":"post_tag","embeddable":true,"href":"https:\/\/proni.hr\/old.proni.hr\/wp-json\/wp\/v2\/tags?post=5153"}],"curies":[{"name":"wp","href":"https:\/\/api.w.org\/{rel}","templated":true}]}}