{"id":5162,"date":"2019-06-04T10:05:34","date_gmt":"2019-06-04T10:05:34","guid":{"rendered":"http:\/\/proni.hr\/?p=5162"},"modified":"2019-06-07T10:06:28","modified_gmt":"2019-06-07T10:06:28","slug":"art-crafts-woodpeckers-novi-projekt-proni-centra-za-socijalno-poducavanje","status":"publish","type":"post","link":"https:\/\/proni.hr\/old.proni.hr\/art-crafts-woodpeckers-novi-projekt-proni-centra-za-socijalno-poducavanje\/","title":{"rendered":"Art &#038; Crafts Woodpeckers novi projekt PRONI Centra za socijalno podu\u010davanje"},"content":{"rendered":"<p>Provedbom prve aktivnosti APV-a (Advance Plan Visit) ozna\u010dili smo po\u010detak projekta \u201dArt &amp; Crafts Woodpeckers kojeg provodi PRONI Centar za socijalno podu\u010davanje u partnerstvu s \u010detiri organizacije iz Bosne i Hercegovine, Ukraine, Rumunjske i \u0160panjolske.<\/p>\n<p><a href=\"http:\/\/www.icm-sisak.info\/wp-content\/uploads\/2019\/06\/IMG_20190531_121852.jpg\"><img loading=\"lazy\" decoding=\"async\" class=\"aligncenter wp-image-8637\" src=\"http:\/\/www.icm-sisak.info\/wp-content\/uploads\/2019\/06\/IMG_20190531_121852-1024x576.jpg\" alt=\"IMG_20190531_121852\" width=\"556\" height=\"313\" \/><\/a>Projekt je sufinanciran sredstvima EU\u00a0kroz\u00a0programa Erasmus+ KA1: Mobilnost u svrhu u\u010denja za pojedince ukupne vrijednosti od\u00a018.105,00 EUR. a provodi se u razdoblju od 6 mjeseci, od 1.05.2019. do 31.10.2019.<\/p>\n<p>Projektom \u017eelimo razmotriti razli\u010dite mogu\u0107nosti umjetni\u010dkog i obrtni\u010dkog rada koje mogu podr\u017eati odr\u017eive programe za mlade u na\u0161im organizacijama, posebno zna\u010denje budu\u0107ih programa rada s mladima iz \u2018\u2019rizi\u010dnih skupina\u2019\u2019, razvoj prakti\u010dnih vje\u0161tina na\u0161ih mladih korisnika i \/ ili analiziranje mogu\u0107nosti za izradu odr\u017eive financijske strukture ili resursa osobnoga i profesionalnog karaktera.<br \/>\nIsto tako, aktivnostima projekta \u017eelimo osvjestiti mlade dionike o mogu\u0107nostima zapo\u0161ljavanja ili samozapo\u0161ljavanja kroz provedbu aktivnosti usmjerenih ka otkrivanju i razumijevanju metoda artisti\u010dkog stvaranja primjenom kojih \u0107e ste\u0107i posebne kompetencije potrebne za realiziranje osobnih i profesionalnih pothvata.<\/p>\n<p>Stoga, cilj projekta \u201dArt &amp; Craft Woodpeckers\u201d je unaprijediti stupanj posebnih vje\u0161tina i kompetencija mladih, posebno u odnosu na njihovu va\u017enost za tr\u017ei\u0161te rada primjenju\u0107i metode neformalnog u\u010denja i prakti\u010dnoga rada s kojima \u017eelimo poticati kreativnost i izvrsnost.<\/p>\n<p>Kao specifi\u010dne ciljeve isti\u010demo:<br \/>\n\u2013 potaknuti ekonomski i socijalno osjetljive skupina mladih za aktivno sudjelovanje u rje\u0161avanju<br \/>\nnjihovih egzistencijalnih problema,<br \/>\n\u2013 razviti kreativne ideje za poduzetni\u0161tvo kao na\u010dina za prevladavanje nezaposlenosti<br \/>\n\u2013 koristiti neformalne obrazovne metode u potporu mladima da razviju vlastite potencijale<br \/>\n\u2013 promicati \u201codr\u017eive umjetnosti\u201d kori\u0161tenjem recikliranih materijala za pove\u0107anje svijesti o ekologiji,<br \/>\n\u2013 promicati interkulturnu suradnju i razmjenu obi\u010daja, praksi i znanja<\/p>\n<p>Projektom \u0107emo provesti Advance Plan Visit (APV) od 30. do 31. svibanj 2019. kao prete\u010da sredi\u0161njim aktivnostima s ciljem detaljnog planiranja provedbe aktivnosti razmjene mladih, predstavljanja mjesta provedbe te odre\u0111ivanja du\u017enosti svakoga od partnera.<\/p>\n<p>Kao glavnu aktivnosti projekta isti\u010demo aktivnost razmjene mladih koja \u0107e se provesti od 19. do 28. lipnja 2019, a okupit \u0107e ukupno 5 partnerskih organizacija s ciljem razmjene iskustava, znanja, te razvojem razli\u010ditih \u201dart &amp; craft\u201d kompetencija ciljanih mladih dionika.<br \/>\nU provedbu projekta ukupno \u0107e biti uklju\u010deno 27 osoba, 5 sudionika iz svake partnerske organizacije \/ zemlje (4 mlade osobe, dobi 18+ iz sigurnosnih razloga bavljenja razli\u010ditim alatima i 1 voditelj mladih, koji je zaposlenik, \u010dlan ili volonter organizacije, tako\u0111er u dobi od 18+, s kapacitetom i iskustvom davanja podr\u0161ke grupi), te jedna facilitatorica cijeloga procesa provedbe u ime organizacije prijavitelja i 1 osoba koja je pomo\u0107no osoblje, za tehni\u010dko-organizacijske aktivnosti.<\/p>\n<p>Kratak opis ciljane skupine sudionika:<br \/>\n\u2013 Dobi izme\u0111u 18 i 30 godina, jednak broj \u017eena i mu\u0161karaca<br \/>\n\u2013 Spremni u\u010diti i raditi prakti\u010dno<br \/>\n\u2013 Umjetni\u010dki i zanatski orijentirani<br \/>\n\u2013 Biti spremni istra\u017eivati razli\u010dite materijale, alate i umjetni\u010dke oblike i vlastiti kreativni potencijal<br \/>\n\u2013 Biti otvoreni za istra\u017eivanje vi\u0161e mogu\u0107nosti za razvoj financiranja, zapo\u0161ljavanje.<\/p>\n<p>Organizacije koje sudjeluju u projektu:<\/p>\n<p>PRONI Centar za socijalno podu\u010davanje \u2013 Hrvatska<\/p>\n<p>YOUTH ALMA \u2013 Rumunjska,<\/p>\n<p>Asociaci\u00f3n para la Participaci\u00f3n Oportunidad y Desarrollo \u2013 \u0160panjolska,<\/p>\n<p>All-Ukrainian Association for Youth \u2013 Ukraina,<\/p>\n<p>ZDRAVO DA STE UDRUZENJA GRADJANA \u2013 Bosna i Hercegovina.<\/p>\n<p>&nbsp;<\/p>\n<p>Opis projekta na engleskom \/ Description of project in English:<\/p>\n<p>With this project, we want to consider the various possibilities of art and craft work that can support sustainable youth programs in our organizations, especially the future of youth work programs, especially youth in risk, the development of practical skills of our young people and \/ or the analysis of the possibilities for sustainable financial development structures or resources of personal and professional character. Likewise, the project\u2019s activities aim to raise young people\u2019s awareness of employment opportunities or self-employment through the implementation of activities aimed at discovering and understanding the methods of artistic creation by applying them to acquire special competences needed to realize personal and professional endeavors.<br \/>\nTherefore, the aim of the \u201dArt &amp; Craft Woodpeckers\u201d project is to improve the level of special skills and competences of young people, especially in relation to their importance for the labor market, applying the methods of informal learning and practical work with which we want to encourage creativity and excellence.<br \/>\nAs specific goals we emphasize:<br \/>\n\u2013 to encourage economically and socially sensitive youth groups to actively participate in solving their<br \/>\nexistential problems,<br \/>\n\u2013 to develop creative ideas for entrepreneurship as a way to overcome unemployment<br \/>\n\u2013 to use of informal educational methods to help young people develop their own potential<br \/>\n\u2013 to promote \u201csustainable art\u201d by using recycled materials to increase awareness of ecology,<br \/>\n\u2013 to promote intercultural cooperation and exchange of customs, practices and knowledge<\/p>\n<p>Through project we will implement Advance Plan Visit (APV) from May 30. to 31. 2019. as preplanned working meeting with a goal of detailed planning of youth exchange activity, exploring the venue and the place of activities implemenataion and defining each partner duties. As the main activity of the project, we highlight the activity of youth exchange, which will be implemented from June 19. to 28. 2019., bringing together 5 partner organizations with experience exchange, knowledge and the exchange of different artistic and crafting trades.<\/p>\n<p>In total, there will be 27 participants involved, 5 from each partner organization\/country (4 young people, age 18+ due to security reasons of dealing with different tools and 1 youth leader, who is employee, member, or volunteer of the organization, also age 18+, with capacity and experience in supporting the the group) and one process facilitator on behalf of hosting organization as well as 1 support staff, in charge for technical and organizing issues.<\/p>\n<p>Participants summary:<br \/>\n\u2013 Be above 18 years old, preferably equal number of female and male<br \/>\n\u2013 Willing to learn and work practically<br \/>\n\u2013 Art and craft oriented<br \/>\n\u2013 Willing to explore different materials, tools and art forms and their own creative potential<br \/>\n\u2013 Be open for exploring more possibilities for fund-raising development, employment.<\/p>\n<p><img loading=\"lazy\" decoding=\"async\" class=\" wp-image-8631 size-medium alignleft\" src=\"http:\/\/www.icm-sisak.info\/wp-content\/uploads\/2019\/06\/1524219019_logosbeneficaireserasmus-right-hr-011-300x62.jpg\" alt=\"1524219019_logosbeneficaireserasmus-right-hr-01\" width=\"300\" height=\"62\" \/><\/p>\n<p><img loading=\"lazy\" decoding=\"async\" class=\" wp-image-8629 alignleft\" src=\"http:\/\/www.icm-sisak.info\/wp-content\/uploads\/2019\/06\/1434006659_ampeu-logo-hr-300x117.jpg\" alt=\"1434006659_ampeu-logo-hr\" width=\"310\" height=\"121\" \/><img loading=\"lazy\" decoding=\"async\" class=\"alignleft wp-image-8626 size-medium\" src=\"http:\/\/www.icm-sisak.info\/wp-content\/uploads\/2019\/06\/1454410764_eu-flag-erasmus-vect-pos-300x86.jpg\" alt=\"1454410764_eu-flag-erasmus--vect-pos\" width=\"300\" height=\"86\" \/><\/p>\n<p>&nbsp;<\/p>\n<p>&nbsp;<\/p>\n<p>&nbsp;<\/p>\n<p>&nbsp;<\/p>\n<p>&nbsp;<\/p>\n<p>&nbsp;<\/p>\n","protected":false},"excerpt":{"rendered":"<p>Provedbom prve aktivnosti APV-a (Advance Plan Visit) ozna\u010dili smo po\u010detak projekta \u201dArt &amp; Crafts Woodpeckers kojeg provodi PRONI Centar za socijalno podu\u010davanje u partnerstvu s \u010detiri organizacije iz Bosne i Hercegovine, Ukraine, Rumunjske i \u0160panjolske. Projekt je sufinanciran sredstvima EU\u00a0kroz\u00a0programa Erasmus+ KA1: Mobilnost u svrhu u\u010denja za pojedince ukupne vrijednosti od\u00a018.105,00 EUR. a provodi se [&hellip;]<\/p>\n","protected":false},"author":5,"featured_media":5163,"comment_status":"closed","ping_status":"open","sticky":false,"template":"","format":"standard","meta":{"footnotes":""},"categories":[4],"tags":[],"_links":{"self":[{"href":"https:\/\/proni.hr\/old.proni.hr\/wp-json\/wp\/v2\/posts\/5162"}],"collection":[{"href":"https:\/\/proni.hr\/old.proni.hr\/wp-json\/wp\/v2\/posts"}],"about":[{"href":"https:\/\/proni.hr\/old.proni.hr\/wp-json\/wp\/v2\/types\/post"}],"author":[{"embeddable":true,"href":"https:\/\/proni.hr\/old.proni.hr\/wp-json\/wp\/v2\/users\/5"}],"replies":[{"embeddable":true,"href":"https:\/\/proni.hr\/old.proni.hr\/wp-json\/wp\/v2\/comments?post=5162"}],"version-history":[{"count":1,"href":"https:\/\/proni.hr\/old.proni.hr\/wp-json\/wp\/v2\/posts\/5162\/revisions"}],"predecessor-version":[{"id":5164,"href":"https:\/\/proni.hr\/old.proni.hr\/wp-json\/wp\/v2\/posts\/5162\/revisions\/5164"}],"wp:featuredmedia":[{"embeddable":true,"href":"https:\/\/proni.hr\/old.proni.hr\/wp-json\/wp\/v2\/media\/5163"}],"wp:attachment":[{"href":"https:\/\/proni.hr\/old.proni.hr\/wp-json\/wp\/v2\/media?parent=5162"}],"wp:term":[{"taxonomy":"category","embeddable":true,"href":"https:\/\/proni.hr\/old.proni.hr\/wp-json\/wp\/v2\/categories?post=5162"},{"taxonomy":"post_tag","embeddable":true,"href":"https:\/\/proni.hr\/old.proni.hr\/wp-json\/wp\/v2\/tags?post=5162"}],"curies":[{"name":"wp","href":"https:\/\/api.w.org\/{rel}","templated":true}]}}