{"id":5166,"date":"2019-05-27T11:23:44","date_gmt":"2019-05-27T11:23:44","guid":{"rendered":"http:\/\/proni.hr\/?p=5166"},"modified":"2019-06-10T11:34:31","modified_gmt":"2019-06-10T11:34:31","slug":"sto-smo-naucili-na-treningu-solidarity-participation-of-youth-in-small-communities","status":"publish","type":"post","link":"https:\/\/proni.hr\/old.proni.hr\/sto-smo-naucili-na-treningu-solidarity-participation-of-youth-in-small-communities\/","title":{"rendered":"\u0160to smo nau\u010dili na treningu Solidarity &#038; Participation of Youth in Small Communities?"},"content":{"rendered":"<p>U PRONI Centru danas je odr\u017eana i druga aktivnost prijenosa metoda nakon treninga Solidarity &#038; Participation of Youth in Small Communities koji se odr\u017eao od 7. do 14. travnja 2019. godine u Puerto de la Cruzu (Tenerife, \u0160panjolska).<!--more--><\/p>\n<p>U prvoj aktivnosti diseminacije (koja je odr\u017eana 9. svibnja) sudjelovalo je 18 srednjo\u0161kolaca u dobi od 15 do 18 godina iz razli\u010ditih mjesta i \u0161kola iz 3 hrvatske \u017eupanije. Mnogi od njih \u017eive u ruralnim podru\u010djima i idu u \u0161kolu u obli\u017enje ve\u0107e gradove. To su bili mladi ljudi koji su bili uklju\u010deni u PRONI-jev projekt \u201e\u0160kolontiranje\u201c, a aktivnost je bila dio Konferencije kroz taj projekt. Za njih je to bila prva aktivnost ove vrste.<br \/>\nNa samom po\u010detku aktivnosti sudionici su se upoznali s<strong> projektom Solidarity &#038; Participation of Youth in Small Communities,<\/strong> kao i o mogu\u0107nostima koje <strong>Erasmus + <\/strong>nudi. U radionici su voditelji radionice koristili metodu \u201cMo\u0107na pitanja\u201d. Budu\u0107i da je tema radionice bila volontiranje u \u0161kolama, ova metoda je savr\u0161eno motivirala i uklju\u010dila sudionike u raspravu. Obi\u010dno mladi ljudi ove dobi nisu vrlo otvoreni i slobodni re\u0107i svoje mi\u0161ljenje ili sugestije, \u0161to ovaj put nije bio slu\u010daj. Sudjelovali su vrlo aktivno, a na kraju smo dobili nekoliko vrlo konkretnih ideja kako se volonterizam u \u0161koli mo\u017ee pobolj\u0161ati. Tako\u0111er, pokazali su zanimanje za me\u0111unarodne programe za mobilnost putem Erasmusa + i pretplatili se na na\u0161u web stranicu Regionalnog omladinskog info-centra gdje nudimo neke od njih.<\/p>\n<p>Druga aktivnost organizirana je<strong> za osoblje PRONI-a, koje svakodnevno kontaktira s mladima i obavlja mnogo treninga i projekata.<\/strong><br \/>\nU \u0161irenju metoda nau\u010denih kroz SPY projekt na\u0161im kolegama smo ih uskoro upoznali s vi\u0161e detalja o projektu. Budu\u0107i da PRONI Centar radi 20 godina i mi smo korisnici razli\u010ditih me\u0111unarodnih programa, a mi smo multiplikatori Eurodeska, nije bilo potrebe za predstavljanje programa Erasmus +, ali su nove ideje i metode vrlo dobrodo\u0161le. Za tri sata predstavili smo nau\u010dene metode koje se sigurno koriste u treninzima i radionicama koje pru\u017eamo kroz na\u0161e projekte.<\/p>\n<p>Zahvaljuju\u0107i Erasmus+ programu upoznali smo divne ljude i usvojili znanja koja \u0107e nam biti korisna u radu s mladima.<\/p>\n<p><strong>Od 7. do 14. travnja 2019. zajedno sa jo\u0161 9 osoba koje rade s mladima iz Gr\u010dke, \u0160panjolske, \u010ce\u0161ke i Poljske, sudjelovali smo na treningu u okviru projekta Solidarity and Participation of Youth in Small Communities.<\/strong><\/p>\n<p>\u017delimo se zahvaliti i  <strong>organizaciji P.O.D. Association iz \u0160panjolske, koja nam je omogu\u0107ila sudjelovanje i bila odli\u010dan doma\u0107in i partner<\/strong>. Metode koje su nam u sklopu projekta predstavljene, vrlo su korisne i zanimljive te smo ih po\u010deli koristiti ve\u0107 po samom zavr\u0161etku projekta. A o kojim se metodama radi, morat \u0107ete sami provjeriti sudjelovanjem na na\u0161im aktivnostima :-).<\/p>\n<p>Partnerstvo na\u0161e dvije organizacije nastavlja se, na na\u0161e zadovoljstvo i dobrobit mladih i zajednice te uskoro o\u010dekujte nove informacije o zajedni\u010dkim projektima.<\/p>\n<p><a href=\"http:\/\/icm-osijek.info\/wp-content\/uploads\/2019\/06\/1.jpg\"><img loading=\"lazy\" decoding=\"async\" src=\"http:\/\/icm-osijek.info\/wp-content\/uploads\/2019\/06\/1.jpg\" alt=\"1\" width=\"4128\" height=\"2322\" class=\"alignright size-full wp-image-10856\" \/><\/a><\/p>\n<p><a href=\"http:\/\/icm-osijek.info\/wp-content\/uploads\/2019\/06\/3.jpg\"><img loading=\"lazy\" decoding=\"async\" src=\"http:\/\/icm-osijek.info\/wp-content\/uploads\/2019\/06\/3.jpg\" alt=\"3\" width=\"4128\" height=\"2322\" class=\"alignright size-full wp-image-10858\" \/><\/a><\/p>\n<p><a href=\"http:\/\/icm-osijek.info\/wp-content\/uploads\/2019\/06\/2.jpg\"><img loading=\"lazy\" decoding=\"async\" src=\"http:\/\/icm-osijek.info\/wp-content\/uploads\/2019\/06\/2.jpg\" alt=\"2\" width=\"4128\" height=\"2322\" class=\"alignright size-full wp-image-10857\" \/><\/a><\/p>\n","protected":false},"excerpt":{"rendered":"<p>U PRONI Centru danas je odr\u017eana i druga aktivnost prijenosa metoda nakon treninga Solidarity &#038; Participation of Youth in Small Communities koji se odr\u017eao od 7. do 14. travnja 2019. godine u Puerto de la Cruzu (Tenerife, \u0160panjolska).<\/p>\n","protected":false},"author":5,"featured_media":5167,"comment_status":"closed","ping_status":"open","sticky":false,"template":"","format":"standard","meta":{"footnotes":""},"categories":[4],"tags":[],"_links":{"self":[{"href":"https:\/\/proni.hr\/old.proni.hr\/wp-json\/wp\/v2\/posts\/5166"}],"collection":[{"href":"https:\/\/proni.hr\/old.proni.hr\/wp-json\/wp\/v2\/posts"}],"about":[{"href":"https:\/\/proni.hr\/old.proni.hr\/wp-json\/wp\/v2\/types\/post"}],"author":[{"embeddable":true,"href":"https:\/\/proni.hr\/old.proni.hr\/wp-json\/wp\/v2\/users\/5"}],"replies":[{"embeddable":true,"href":"https:\/\/proni.hr\/old.proni.hr\/wp-json\/wp\/v2\/comments?post=5166"}],"version-history":[{"count":2,"href":"https:\/\/proni.hr\/old.proni.hr\/wp-json\/wp\/v2\/posts\/5166\/revisions"}],"predecessor-version":[{"id":5169,"href":"https:\/\/proni.hr\/old.proni.hr\/wp-json\/wp\/v2\/posts\/5166\/revisions\/5169"}],"wp:featuredmedia":[{"embeddable":true,"href":"https:\/\/proni.hr\/old.proni.hr\/wp-json\/wp\/v2\/media\/5167"}],"wp:attachment":[{"href":"https:\/\/proni.hr\/old.proni.hr\/wp-json\/wp\/v2\/media?parent=5166"}],"wp:term":[{"taxonomy":"category","embeddable":true,"href":"https:\/\/proni.hr\/old.proni.hr\/wp-json\/wp\/v2\/categories?post=5166"},{"taxonomy":"post_tag","embeddable":true,"href":"https:\/\/proni.hr\/old.proni.hr\/wp-json\/wp\/v2\/tags?post=5166"}],"curies":[{"name":"wp","href":"https:\/\/api.w.org\/{rel}","templated":true}]}}