{"id":5270,"date":"2019-06-03T08:31:51","date_gmt":"2019-06-03T08:31:51","guid":{"rendered":"http:\/\/proni.hr\/?p=5270"},"modified":"2019-08-02T08:33:30","modified_gmt":"2019-08-02T08:33:30","slug":"info-start-u-info-centru-za-mlade-osijek","status":"publish","type":"post","link":"https:\/\/proni.hr\/old.proni.hr\/info-start-u-info-centru-za-mlade-osijek\/","title":{"rendered":"INFO START u Info-centru za mlade Osijek!"},"content":{"rendered":"<p>INFO START je projekt financiran od strane Grada Osijeka koji oboga\u0107uje program Regionalni info centar za mlade Osijek aktivnostima koje \u0107e se provoditi u \u0161estomjese\u010dnom razdoblju, po\u010dev\u0161i od 1. lipnja ove godine.<!--more--><\/p>\n<p>Aktivnosti su izrazito \u0161arolike i sve ciljaju podi\u0107i razinu informiranosti mladih o podru\u010djima iz nacionalnog, ali i gradskog programa za mlade. Konkretno, provodit \u0107e se informativne i obrazovne aktivnosti u obliku petodnevne <strong>izobrazbe \u201eMala \u0161kola \u017eivotnih vje\u0161tina\u201c, ovaj puta s nadogra\u0111enim vje\u0161tinama koje \u0107e prenijeti partnerska organizacija ISKRA Waldorfska inicijativa. <\/strong><\/p>\n<p>Zatim slijedi kontinuirana provedba \u201eHangout\u201d dru\u017eenja \u2013 sastanci neformalne skupine mladih, provedba manifestacije<strong> iMOS 2019 \u2013 Informiranje mladih Osijek, ali i promoviranje uspjeha na\u0161ih mladih sugra\u0111ana kroz rubriku Promocija uspje\u0161nih mladih.<\/strong> Nadalje, doga\u0111at \u0107e se i <strong>informiranje o temema relevantnim za mlade ljude, kroz odre\u0111ene mogu\u0107nosti za njihov razvoj i aktivno sudjelovanje, poput YOUTH Wiki, ERASMUS+ s osobitim naglaskom ove godine na Europske snage solidarnosti, Garancija za mlade, Dijalog s mladima, Europski portal za mlade. Slijedi  i odr\u017eavanje Info-to\u010daka i sustava vr\u0161nja\u010dkog informiranja u 3 srednje \u0161kole u Osijeku; te neizostavni nastavak suradnje sa \u010dlanovima Savjetodavnog odbora (SO) RICM-a Osijek, Zajednicom info centara za mlade u Hrvatskoj  te  Europskom agencijom za informiranje i savjetovanje mladih (ERYICA), kao i kontinirani rad s volonterima.<\/strong> <\/p>\n<p>Direktno \u0107e se obuhvatiti 140 mladih, me\u0111utim \u0107e broj neizravnih korisnika biti neusporedivo ve\u0107i. Kroz svo navedeno razdoblje biti provo\u0111eno i<strong> on\u2014line informiranje mladih putem web stranice RICM-a.<\/strong><\/p>\n<p>Nositelj projekta INFO START JE PRONI Centar za socijalno podu\u010davanje, u partnerstvu s udrugom ISKRA Waldorfska inicijativa iz Osijeka. Projekt traje 6 mjeseci &#8211; od 1 . lipnja do 30. studenoga 2019. <\/p>\n<p>Op\u0107i cilj projekta INFO START je podi\u0107i razinu kvalitete \u017eivljenja mladih, kroz informiranje o njihovim pravima, razli\u010ditim mogu\u0107nostima i uslugama te potaknuti njihovo aktivno sudjelovanje u osobnom i dru\u0161tvenom razvoju. Kao takav doprinosi provedbi  projekta Regionalni info-centar za mlade Osijek, kojeg financira Ministarstvo za demografiju, obitelj, mlade i socijalnu politiku.<\/p>\n<p>Projekt INFO START financira Grad Osijek.<\/p>\n","protected":false},"excerpt":{"rendered":"<p>INFO START je projekt financiran od strane Grada Osijeka koji oboga\u0107uje program Regionalni info centar za mlade Osijek aktivnostima koje \u0107e se provoditi u \u0161estomjese\u010dnom razdoblju, po\u010dev\u0161i od 1. lipnja ove godine.<\/p>\n","protected":false},"author":5,"featured_media":5271,"comment_status":"closed","ping_status":"open","sticky":false,"template":"","format":"standard","meta":{"footnotes":""},"categories":[4],"tags":[],"_links":{"self":[{"href":"https:\/\/proni.hr\/old.proni.hr\/wp-json\/wp\/v2\/posts\/5270"}],"collection":[{"href":"https:\/\/proni.hr\/old.proni.hr\/wp-json\/wp\/v2\/posts"}],"about":[{"href":"https:\/\/proni.hr\/old.proni.hr\/wp-json\/wp\/v2\/types\/post"}],"author":[{"embeddable":true,"href":"https:\/\/proni.hr\/old.proni.hr\/wp-json\/wp\/v2\/users\/5"}],"replies":[{"embeddable":true,"href":"https:\/\/proni.hr\/old.proni.hr\/wp-json\/wp\/v2\/comments?post=5270"}],"version-history":[{"count":1,"href":"https:\/\/proni.hr\/old.proni.hr\/wp-json\/wp\/v2\/posts\/5270\/revisions"}],"predecessor-version":[{"id":5272,"href":"https:\/\/proni.hr\/old.proni.hr\/wp-json\/wp\/v2\/posts\/5270\/revisions\/5272"}],"wp:featuredmedia":[{"embeddable":true,"href":"https:\/\/proni.hr\/old.proni.hr\/wp-json\/wp\/v2\/media\/5271"}],"wp:attachment":[{"href":"https:\/\/proni.hr\/old.proni.hr\/wp-json\/wp\/v2\/media?parent=5270"}],"wp:term":[{"taxonomy":"category","embeddable":true,"href":"https:\/\/proni.hr\/old.proni.hr\/wp-json\/wp\/v2\/categories?post=5270"},{"taxonomy":"post_tag","embeddable":true,"href":"https:\/\/proni.hr\/old.proni.hr\/wp-json\/wp\/v2\/tags?post=5270"}],"curies":[{"name":"wp","href":"https:\/\/api.w.org\/{rel}","templated":true}]}}