{"id":563,"date":"2015-01-05T19:58:51","date_gmt":"2015-01-05T19:58:51","guid":{"rendered":"http:\/\/proni.hr\/?p=563"},"modified":"2015-01-05T19:58:51","modified_gmt":"2015-01-05T19:58:51","slug":"animatori-odmaraju","status":"publish","type":"post","link":"https:\/\/proni.hr\/old.proni.hr\/animatori-odmaraju\/","title":{"rendered":"Animatori odmaraju!"},"content":{"rendered":"<p>Nakon uspje\u0161no zavr\u0161enog prvog bloka predavanja na temu &#8220;Mapiranje zajednice i istra\u017eivanje potreba&#8221;, na\u0161i animatori su na kra\u0107em odmoru, prije novih aktivnosti!<\/p>\n<p>Nakon \u0161to smo uspje\u0161no zavr\u0161ili prvi blok predavanja na temu &#8220;Mapiranje zajednice i istra\u017eivanje potreba&#8221;, na\u0161 se tim okrenuo drugim aktivnostima na projektu YES, a na\u0161i budu\u0107i animatori oti\u0161li na zaslu\u017een kra\u0107i odmor. Ve\u0107 po\u010detkom idu\u0107ega tjedna, od 16. lipnja, predstoje nam pojedina\u010de i manje skupne konzultacije, tijekom kojih \u0107e predava\u010di i koordinator polaznika ovog atraktivnog obrazovanja, ponuditi smjernice za razvoj ideja za istra\u017eivanja u lokalnim zajednicama, koje \u0107e provoditi na\u0161i polaznici. Istra\u017eivanje ima za cilj\u00a0<em>scannirati<\/em>\u00a0turisti\u010dke resurse koji postoje u na\u0161oj regiji, ali i\u00a0<em>snimiti<\/em>\u00a0sve ono \u0161to postoji kao potencijal za razvoj turisti\u010dke djelatnosti. U suradnji s drugim subjektima u lokalnim zajednicama, kao \u0161to su lokalne samouprave, turisti\u010dki uredi, drugi turisti\u010dki subjekti koji nude ugostiteljsko-turisti\u010dke usluge, te lokalno\u00a0stanovni\u0161tvo, na\u0161i \u0107e polaznici kreirati preporuke za razvoj turisti\u010dke djelatnosti i u\u010diniti presjek mogu\u0107ih turisti\u010dkih aktivnosti. Djelatnici PRONI Centra, njihove \u0107e preporuke i ista\u017eivanja objediniti u priru\u010dnik koji \u0107e slu\u017eiti svima onima koji \u017eele saznati vi\u0161e o na\u0161oj regiji, ali isto tako i koji \u017eele razvijati programe i aktivnosti u svrhu bogatije turisti\u010dke ponude na\u0161eg kraja.<\/p>\n<p>U rujnu 2008. na\u0161i \u0107e animatori nastaviti s teorijskim dijelovima programa obrazovanja, kao i prakti\u010dnim aktivnostima kako im i slijedi.<\/p>\n","protected":false},"excerpt":{"rendered":"<p>Nakon uspje\u0161no zavr\u0161enog prvog bloka predavanja na temu &#8220;Mapiranje zajednice i istra\u017eivanje potreba&#8221;, na\u0161i animatori su na kra\u0107em odmoru, prije novih aktivnosti! Nakon \u0161to smo uspje\u0161no zavr\u0161ili prvi blok predavanja na temu &#8220;Mapiranje zajednice i istra\u017eivanje potreba&#8221;, na\u0161 se tim okrenuo drugim aktivnostima na projektu YES, a na\u0161i budu\u0107i animatori oti\u0161li na zaslu\u017een kra\u0107i odmor. [&hellip;]<\/p>\n","protected":false},"author":5,"featured_media":0,"comment_status":"open","ping_status":"open","sticky":false,"template":"","format":"standard","meta":{"footnotes":""},"categories":[4],"tags":[],"_links":{"self":[{"href":"https:\/\/proni.hr\/old.proni.hr\/wp-json\/wp\/v2\/posts\/563"}],"collection":[{"href":"https:\/\/proni.hr\/old.proni.hr\/wp-json\/wp\/v2\/posts"}],"about":[{"href":"https:\/\/proni.hr\/old.proni.hr\/wp-json\/wp\/v2\/types\/post"}],"author":[{"embeddable":true,"href":"https:\/\/proni.hr\/old.proni.hr\/wp-json\/wp\/v2\/users\/5"}],"replies":[{"embeddable":true,"href":"https:\/\/proni.hr\/old.proni.hr\/wp-json\/wp\/v2\/comments?post=563"}],"version-history":[{"count":0,"href":"https:\/\/proni.hr\/old.proni.hr\/wp-json\/wp\/v2\/posts\/563\/revisions"}],"wp:attachment":[{"href":"https:\/\/proni.hr\/old.proni.hr\/wp-json\/wp\/v2\/media?parent=563"}],"wp:term":[{"taxonomy":"category","embeddable":true,"href":"https:\/\/proni.hr\/old.proni.hr\/wp-json\/wp\/v2\/categories?post=563"},{"taxonomy":"post_tag","embeddable":true,"href":"https:\/\/proni.hr\/old.proni.hr\/wp-json\/wp\/v2\/tags?post=563"}],"curies":[{"name":"wp","href":"https:\/\/api.w.org\/{rel}","templated":true}]}}