{"id":5635,"date":"2020-06-08T07:51:31","date_gmt":"2020-06-08T07:51:31","guid":{"rendered":"http:\/\/proni.hr\/?p=5635"},"modified":"2020-06-08T07:52:15","modified_gmt":"2020-06-08T07:52:15","slug":"programeri-zajednice-novi-projekt-proni-centra","status":"publish","type":"post","link":"https:\/\/proni.hr\/old.proni.hr\/programeri-zajednice-novi-projekt-proni-centra\/","title":{"rendered":"Programeri zajednice &#8211; novi projekt PRONI centra"},"content":{"rendered":"<p>U prostoru PRONI Centra Vukovar odr\u017ean je prvi partnerski sastanak u okviru novog projekta PRONI Centra &#8211; &#8220;Programeri zajednice&#8221;.<\/p>\n<p>Projekt \u201eProgrameri zajednice\u201c kojeg zajedno u periodu od 1.5.2020. do 31.5.2021. (13 mjeseci) planiraju provesti organizacije civilnoga dru\u0161tva \u2013 PRONI Centar za socijalno podu\u010davanje (nositelj) i Mirovna grupa mladih Dunav iz Vukovara te Grad Vukovar kao donositelj odluka, ima za cilj dodatno unaprijediti polo\u017eaj i kvalitetu \u017eivota mladih kroz izradu novog Programa za mlade grada Vukovara za razdoblje 2021-2024, \u0161to \u0107e biti i klju\u010dan rezultat projekta. Ovaj cilj planira se posti\u0107i kroz umre\u017eavanje i zajedni\u010dki rad lokalnih dionika, kao i samih mladih, njih ukupno 215. Stoga je u projektu planirano sudjelovanje najmanje 160 mladih \u2013 srednjo\u0161kolci, studenti, nezaposleni i aktivni mladi, uklju\u010duju\u0107i i mlade s manje mogu\u0107nosti te 55 predstavnika donositelja odluka i Savjeta mladih grada Vukovara.<\/p>\n<p>Kroz projekt, koji \u0107e se temeljiti na kori\u0161tenju neformalnih metoda rada, kako kroz provedu tematskih rasprava, tako i za vrijeme pripremnih i nastavnih aktivnosti \u2013 istra\u017eivanje, Kampanja o Programu, \u0161irenje i iskori\u0161tavanje rezultata, u kojem \u0107e aktivnu ulogu, osim djelatnika partnerskih organizacija, imati i sami mladi, dionici i volonteri, bit \u0107e provedeno istra\u017eivanje o Navikama i potrebama mladih grada Vukovara s najmanje 300 mladih, 8 tematskih rasprava sukladno planiranim podru\u010djima Programa za mlade grada Vukovara sa 120 mladih i 40 predstavnika donositelja odluka, zavr\u0161na tematska rasprava s 30 mladih i 10 predstavnika donositelja odluka na kojoj \u0107e se iznjedriti prijedlog Programa za mlade grada Vukovara, te tematski sastanak s 10 predstavnika donositelja odluka i 5 mladih iz Savjeta mladih grada Vukovara i onih aktivnih u zajednici na kojemu \u0107e se razraditi Mehanizam pra\u0107enja provedbe Program za mlada grada Vukovara. Oba dokumenta, kao klju\u010dni rezultati projekta \u2013 Program za mlade grada Vukovara 2021-2024 te Mehanizam pra\u0107enja provedbe Programa koji \u0107e biti sastavni dio Programa bit \u0107e diseminirani me\u0111u mladima i lokalnim dionicima \u2013 udruge i ustanove koje rade s mladima, odnosno kori\u0161teni od strane istih u svrhu postizanja projektnih ciljeva i dugoro\u010dnih u\u010dinaka na mlade.<\/p>\n<p>Na prvom zajedni\u010dkom sastanku predstavnika partnerskih organizacija dogovoreni su prvi koraci provedbe Pripremne faze projekta, utvr\u0111ene obveze partnera te dinamika provedbe svih projektnih aktivnosti.<\/p>\n<p>Projekt \u201cProgrameri zajednice\u201d financiran je sredstvima EU kroz program Erasmus+, klju\u010dna aktivnost 3 (KA3), ukupne vrijednosti 9.340,00 EUR<\/p>\n<p>&nbsp;<\/p>\n<p><a href=\"https:\/\/proni.hr\/old.proni.hr\/wp-content\/uploads\/2016\/08\/1454410764_eu-flag-erasmus-vect-pos.jpg\"><img loading=\"lazy\" decoding=\"async\" class=\"aligncenter size-medium wp-image-3132\" src=\"https:\/\/proni.hr\/old.proni.hr\/wp-content\/uploads\/2016\/08\/1454410764_eu-flag-erasmus-vect-pos-300x86.jpg\" alt=\"1454410764_eu-flag-erasmus--vect-pos\" width=\"300\" height=\"86\" srcset=\"https:\/\/proni.hr\/old.proni.hr\/wp-content\/uploads\/2016\/08\/1454410764_eu-flag-erasmus-vect-pos-300x86.jpg 300w, https:\/\/proni.hr\/old.proni.hr\/wp-content\/uploads\/2016\/08\/1454410764_eu-flag-erasmus-vect-pos-768x219.jpg 768w, https:\/\/proni.hr\/old.proni.hr\/wp-content\/uploads\/2016\/08\/1454410764_eu-flag-erasmus-vect-pos-1024x292.jpg 1024w, https:\/\/proni.hr\/old.proni.hr\/wp-content\/uploads\/2016\/08\/1454410764_eu-flag-erasmus-vect-pos.jpg 1964w\" sizes=\"(max-width: 300px) 100vw, 300px\" \/><\/a><\/p>\n","protected":false},"excerpt":{"rendered":"<p>U prostoru PRONI Centra Vukovar odr\u017ean je prvi partnerski sastanak u okviru novog projekta PRONI Centra &#8211; &#8220;Programeri zajednice&#8221;. Projekt \u201eProgrameri zajednice\u201c kojeg zajedno u periodu od 1.5.2020. do 31.5.2021. (13 mjeseci) planiraju provesti organizacije civilnoga dru\u0161tva \u2013 PRONI Centar za socijalno podu\u010davanje (nositelj) i Mirovna grupa mladih Dunav iz Vukovara te Grad Vukovar kao [&hellip;]<\/p>\n","protected":false},"author":4,"featured_media":5636,"comment_status":"closed","ping_status":"open","sticky":false,"template":"","format":"standard","meta":{"footnotes":""},"categories":[4],"tags":[],"_links":{"self":[{"href":"https:\/\/proni.hr\/old.proni.hr\/wp-json\/wp\/v2\/posts\/5635"}],"collection":[{"href":"https:\/\/proni.hr\/old.proni.hr\/wp-json\/wp\/v2\/posts"}],"about":[{"href":"https:\/\/proni.hr\/old.proni.hr\/wp-json\/wp\/v2\/types\/post"}],"author":[{"embeddable":true,"href":"https:\/\/proni.hr\/old.proni.hr\/wp-json\/wp\/v2\/users\/4"}],"replies":[{"embeddable":true,"href":"https:\/\/proni.hr\/old.proni.hr\/wp-json\/wp\/v2\/comments?post=5635"}],"version-history":[{"count":2,"href":"https:\/\/proni.hr\/old.proni.hr\/wp-json\/wp\/v2\/posts\/5635\/revisions"}],"predecessor-version":[{"id":5638,"href":"https:\/\/proni.hr\/old.proni.hr\/wp-json\/wp\/v2\/posts\/5635\/revisions\/5638"}],"wp:featuredmedia":[{"embeddable":true,"href":"https:\/\/proni.hr\/old.proni.hr\/wp-json\/wp\/v2\/media\/5636"}],"wp:attachment":[{"href":"https:\/\/proni.hr\/old.proni.hr\/wp-json\/wp\/v2\/media?parent=5635"}],"wp:term":[{"taxonomy":"category","embeddable":true,"href":"https:\/\/proni.hr\/old.proni.hr\/wp-json\/wp\/v2\/categories?post=5635"},{"taxonomy":"post_tag","embeddable":true,"href":"https:\/\/proni.hr\/old.proni.hr\/wp-json\/wp\/v2\/tags?post=5635"}],"curies":[{"name":"wp","href":"https:\/\/api.w.org\/{rel}","templated":true}]}}