{"id":5645,"date":"2020-06-18T11:20:25","date_gmt":"2020-06-18T11:20:25","guid":{"rendered":"http:\/\/proni.hr\/?p=5645"},"modified":"2020-06-18T11:22:19","modified_gmt":"2020-06-18T11:22:19","slug":"edukacijom-do-ucinkovite-prevencije","status":"publish","type":"post","link":"https:\/\/proni.hr\/old.proni.hr\/edukacijom-do-ucinkovite-prevencije\/","title":{"rendered":"Edukacijom do u\u010dinkovite prevencije"},"content":{"rendered":"<p>U okviru programa \u201c<a href=\"https:\/\/proni.hr\/old.proni.hr\/portfolio-items\/prevenko\/?portfolioID=1284\">Prevenko<\/a>\u201c, koji za cilj ima doprinijeti suzbijanju i sprje\u010davanju pojave ovisnosti me\u0111u djecom i mladima te eksperimentiranje sa sredstvima ovisnosti na podru\u010dju Vukovarsko-srijemske \u017eupanije, 16. lipnja u Gradskoj knji\u017enici Vukovar &#8211; odjelu za mlade Spajalica, odr\u017ean je seminar za \u0161kolsko osoblje triju partnerskih \u0161kola koje sudjeluju u programu \u2013 O\u0160 Mitnica, O\u0160 Nikole Tesle Mirkovci i O\u0160 Negoslavci.<\/p>\n<p>Seminar radnog naziva \u201eEdukacijom do u\u010dinkovite prevencije\u201c\u00a0imao je\u00a0za cilj osna\u017eiti i osposobiti \u0161kolske djelatnike za provedbu programa prevencije te izradu i pripremu preventivnih aktivnosti namijenjenih u\u010denicima, a proveli su ga djelatnici Policijske uprave Vukovarsko-srijemske, Udruge za borbu protiv ovisnosti \u201cNE\u2013ovisnost\u201d iz Osijeka i PRONI Centra za socijalno podu\u010davanje te stru\u010dni suradnik Dubravko \u0160ok\u010devi\u0107, socijalni pedagog iz Osijeka.<\/p>\n<p>Ovaj seminar bio je uvod u programske aktivnosti koje \u0107e uslijediti na jesen, a koje \u0107e biti usmjerene ka radu s u\u010denicima i roditeljima te provedbi vr\u0161nja\u010dkih kampanja u \u0161kolama u okviru obilje\u017eavanja Mjeseca borbe protiv ovisnosti.<\/p>\n","protected":false},"excerpt":{"rendered":"<p>U okviru programa \u201cPrevenko\u201c, koji za cilj ima doprinijeti suzbijanju i sprje\u010davanju pojave ovisnosti me\u0111u djecom i mladima te eksperimentiranje sa sredstvima ovisnosti na podru\u010dju Vukovarsko-srijemske \u017eupanije, 16. lipnja u Gradskoj knji\u017enici Vukovar &#8211; odjelu za mlade Spajalica, odr\u017ean je seminar za \u0161kolsko osoblje triju partnerskih \u0161kola koje sudjeluju u programu \u2013 O\u0160 Mitnica, O\u0160 [&hellip;]<\/p>\n","protected":false},"author":4,"featured_media":5646,"comment_status":"closed","ping_status":"open","sticky":false,"template":"","format":"standard","meta":{"footnotes":""},"categories":[4],"tags":[],"_links":{"self":[{"href":"https:\/\/proni.hr\/old.proni.hr\/wp-json\/wp\/v2\/posts\/5645"}],"collection":[{"href":"https:\/\/proni.hr\/old.proni.hr\/wp-json\/wp\/v2\/posts"}],"about":[{"href":"https:\/\/proni.hr\/old.proni.hr\/wp-json\/wp\/v2\/types\/post"}],"author":[{"embeddable":true,"href":"https:\/\/proni.hr\/old.proni.hr\/wp-json\/wp\/v2\/users\/4"}],"replies":[{"embeddable":true,"href":"https:\/\/proni.hr\/old.proni.hr\/wp-json\/wp\/v2\/comments?post=5645"}],"version-history":[{"count":5,"href":"https:\/\/proni.hr\/old.proni.hr\/wp-json\/wp\/v2\/posts\/5645\/revisions"}],"predecessor-version":[{"id":5651,"href":"https:\/\/proni.hr\/old.proni.hr\/wp-json\/wp\/v2\/posts\/5645\/revisions\/5651"}],"wp:featuredmedia":[{"embeddable":true,"href":"https:\/\/proni.hr\/old.proni.hr\/wp-json\/wp\/v2\/media\/5646"}],"wp:attachment":[{"href":"https:\/\/proni.hr\/old.proni.hr\/wp-json\/wp\/v2\/media?parent=5645"}],"wp:term":[{"taxonomy":"category","embeddable":true,"href":"https:\/\/proni.hr\/old.proni.hr\/wp-json\/wp\/v2\/categories?post=5645"},{"taxonomy":"post_tag","embeddable":true,"href":"https:\/\/proni.hr\/old.proni.hr\/wp-json\/wp\/v2\/tags?post=5645"}],"curies":[{"name":"wp","href":"https:\/\/api.w.org\/{rel}","templated":true}]}}