{"id":565,"date":"2015-01-05T19:59:07","date_gmt":"2015-01-05T19:59:07","guid":{"rendered":"http:\/\/proni.hr\/?p=565"},"modified":"2015-01-05T19:59:07","modified_gmt":"2015-01-05T19:59:07","slug":"mladi-pleternicani-u-akciji","status":"publish","type":"post","link":"https:\/\/proni.hr\/old.proni.hr\/mladi-pleternicani-u-akciji\/","title":{"rendered":"Mladi Pleterni\u010dani u akciji!"},"content":{"rendered":"<p>U prostorijama Regionalnog info-centra za mlade u Osijeku, Ribarska 1, a na izvrsnu inicijativu Grada Pleternice, treneri PRONI Centra provode zavr\u0161ni krug edukacije za mlade iz Pleternice. Prethodni treninzi imali su\u00a0za cilj osna\u017eiti ih za razvoj aktivnosti u njihovoj lokalnoj zajednici, te osvijestiti va\u017enost dobrog planiranja i upravljanja aktivnostima. Tako\u0111er, u prethodnim treninzima, ovi mladi ljudi imali su priliku u\u010diti o projektnom ciklusu, te svim neophodnim elementima i kriterijima kvalitete koji se odnose na sve projektne i programske ideje. U zavr\u0161nom krugu, skupina u\u010di o mogu\u0107nostima za mlade u EU, o dobrom i ispravnom procesu upravljanja volonterima u organizacijama civilnoga dru\u0161tva. U ovom ciklusu, mladi iz Pleternice u\u010dit \u0107e i o neophodnom razvoju partnerstva, mogu\u0107nostima kroz razvoj\u00a0me\u0111usektorske suradnje, te o va\u017enosti izgradnje tima.<\/p>\n","protected":false},"excerpt":{"rendered":"<p>U prostorijama Regionalnog info-centra za mlade u Osijeku, Ribarska 1, a na izvrsnu inicijativu Grada Pleternice, treneri PRONI Centra provode zavr\u0161ni krug edukacije za mlade iz Pleternice. Prethodni treninzi imali su\u00a0za cilj osna\u017eiti ih za razvoj aktivnosti u njihovoj lokalnoj zajednici, te osvijestiti va\u017enost dobrog planiranja i upravljanja aktivnostima. Tako\u0111er, u prethodnim treninzima, ovi mladi [&hellip;]<\/p>\n","protected":false},"author":5,"featured_media":0,"comment_status":"open","ping_status":"open","sticky":false,"template":"","format":"standard","meta":{"footnotes":""},"categories":[4],"tags":[],"_links":{"self":[{"href":"https:\/\/proni.hr\/old.proni.hr\/wp-json\/wp\/v2\/posts\/565"}],"collection":[{"href":"https:\/\/proni.hr\/old.proni.hr\/wp-json\/wp\/v2\/posts"}],"about":[{"href":"https:\/\/proni.hr\/old.proni.hr\/wp-json\/wp\/v2\/types\/post"}],"author":[{"embeddable":true,"href":"https:\/\/proni.hr\/old.proni.hr\/wp-json\/wp\/v2\/users\/5"}],"replies":[{"embeddable":true,"href":"https:\/\/proni.hr\/old.proni.hr\/wp-json\/wp\/v2\/comments?post=565"}],"version-history":[{"count":0,"href":"https:\/\/proni.hr\/old.proni.hr\/wp-json\/wp\/v2\/posts\/565\/revisions"}],"wp:attachment":[{"href":"https:\/\/proni.hr\/old.proni.hr\/wp-json\/wp\/v2\/media?parent=565"}],"wp:term":[{"taxonomy":"category","embeddable":true,"href":"https:\/\/proni.hr\/old.proni.hr\/wp-json\/wp\/v2\/categories?post=565"},{"taxonomy":"post_tag","embeddable":true,"href":"https:\/\/proni.hr\/old.proni.hr\/wp-json\/wp\/v2\/tags?post=565"}],"curies":[{"name":"wp","href":"https:\/\/api.w.org\/{rel}","templated":true}]}}