{"id":5655,"date":"2020-06-25T09:33:00","date_gmt":"2020-06-25T09:33:00","guid":{"rendered":"http:\/\/proni.hr\/?p=5655"},"modified":"2020-06-25T09:34:35","modified_gmt":"2020-06-25T09:34:35","slug":"motivacijske-radionice-za-nezaposlene","status":"publish","type":"post","link":"https:\/\/proni.hr\/old.proni.hr\/motivacijske-radionice-za-nezaposlene\/","title":{"rendered":"Motivacijske radionice za nezaposlene"},"content":{"rendered":"<p>U okviru projekta &#8220;<a href=\"http:\/\/www.lag-sumanovci.hr\/projekt.html\" target=\"_blank\">We can do it<\/a>&#8221; \u010diji je nositelj LAG \u0160umanovci, a PRONI Centar za socijalno podu\u010davanje podizvo\u0111a\u010d obrazovnih aktivnosti, zavr\u0161en je prvi ciklus motivacijskih radionica i mentorstva za nezaposlene \u017eene s podru\u010dja navedenog LAG-a.<br \/>\nCilj radionica, koje su se provodile u Drenovcima, bio je omogu\u0107iti nezaposlenim osobama spoznaju o kori\u0161tenju vlastitih sposobnosti i talenata, prihva\u0107anju i spoznaji vlastite prirode te postizanje i o\u010duvanje integriteta.<\/p>\n<p>Ciklus ovih radionica od idu\u0107eg mjeseca nastavit \u0107e se u Tovarniku, na podru\u010dju LAG-a Srijem.<\/p>\n<p>Ina\u010de, projekt &#8220;We can do it&#8221; sufinancira Europska unija iz Europskog socijalnog fonda.<\/p>\n","protected":false},"excerpt":{"rendered":"<p>U okviru projekta &#8220;We can do it&#8221; \u010diji je nositelj LAG \u0160umanovci, a PRONI Centar za socijalno podu\u010davanje podizvo\u0111a\u010d obrazovnih aktivnosti, zavr\u0161en je prvi ciklus motivacijskih radionica i mentorstva za nezaposlene \u017eene s podru\u010dja navedenog LAG-a. Cilj radionica, koje su se provodile u Drenovcima, bio je omogu\u0107iti nezaposlenim osobama spoznaju o kori\u0161tenju vlastitih sposobnosti i [&hellip;]<\/p>\n","protected":false},"author":4,"featured_media":5656,"comment_status":"closed","ping_status":"open","sticky":false,"template":"","format":"standard","meta":{"footnotes":""},"categories":[4],"tags":[],"_links":{"self":[{"href":"https:\/\/proni.hr\/old.proni.hr\/wp-json\/wp\/v2\/posts\/5655"}],"collection":[{"href":"https:\/\/proni.hr\/old.proni.hr\/wp-json\/wp\/v2\/posts"}],"about":[{"href":"https:\/\/proni.hr\/old.proni.hr\/wp-json\/wp\/v2\/types\/post"}],"author":[{"embeddable":true,"href":"https:\/\/proni.hr\/old.proni.hr\/wp-json\/wp\/v2\/users\/4"}],"replies":[{"embeddable":true,"href":"https:\/\/proni.hr\/old.proni.hr\/wp-json\/wp\/v2\/comments?post=5655"}],"version-history":[{"count":3,"href":"https:\/\/proni.hr\/old.proni.hr\/wp-json\/wp\/v2\/posts\/5655\/revisions"}],"predecessor-version":[{"id":5659,"href":"https:\/\/proni.hr\/old.proni.hr\/wp-json\/wp\/v2\/posts\/5655\/revisions\/5659"}],"wp:featuredmedia":[{"embeddable":true,"href":"https:\/\/proni.hr\/old.proni.hr\/wp-json\/wp\/v2\/media\/5656"}],"wp:attachment":[{"href":"https:\/\/proni.hr\/old.proni.hr\/wp-json\/wp\/v2\/media?parent=5655"}],"wp:term":[{"taxonomy":"category","embeddable":true,"href":"https:\/\/proni.hr\/old.proni.hr\/wp-json\/wp\/v2\/categories?post=5655"},{"taxonomy":"post_tag","embeddable":true,"href":"https:\/\/proni.hr\/old.proni.hr\/wp-json\/wp\/v2\/tags?post=5655"}],"curies":[{"name":"wp","href":"https:\/\/api.w.org\/{rel}","templated":true}]}}