{"id":5680,"date":"2020-06-10T12:09:49","date_gmt":"2020-06-10T12:09:49","guid":{"rendered":"http:\/\/proni.hr\/?p=5680"},"modified":"2020-06-30T12:27:14","modified_gmt":"2020-06-30T12:27:14","slug":"5680","status":"publish","type":"post","link":"https:\/\/proni.hr\/old.proni.hr\/5680\/","title":{"rendered":"Zapo\u010deo projekt &#8220;Ku\u017eim te!&#8221;"},"content":{"rendered":"<p>Od 1. lipnja 2020. PRONI Centar za socijalno podu\u010davanje zapo\u010deo je s provedbom projekta &#8220;Ku\u017eim te!&#8221;.\u00a0 Projekt ima za cilj utjecati na pozitivan razvoj adolescenata u Osijeku i Osje\u010dko-baranjskoj \u017eupaniji, u\u010denika srednjih \u0161kola kako bi osvijestili va\u017enost sudjelovanja u vr\u0161nja\u010dkoj prevenciji daljnjih rizi\u010dnih pona\u0161anja, promovirali o\u010duvanje mentalnog zdravlja svojih vr\u0161njaka i unaprijedili osobne mogu\u0107nosti i potencijale.<br \/>\nDodatno, projektom se \u017eeli potaknuti svjesnost i kriti\u010dko promi\u0161ljanje kod mladih, u dobi od 15 do 20 godina, u\u010denika srednjih \u0161kola ugradu Osijeka.<\/p>\n<p>U svrhu ispunjavanja ciljeva projekta provest \u0107e se sljede\u0107e aktivnosti:<\/p>\n<p>&#8211;<strong> radionice vr\u0161nja\u010dkog kriti\u010dkog promi\u0161ljanja<\/strong> (o temama proiza\u0161lim iz rezultata istra\u017eivanja, te prikupljanje\u00a0 preporuka i\u00a0 idejnih rje\u0161enja mladih za izradu tekstualnog sadr\u017eaja)<\/p>\n<p>&#8211;<strong> edukacija u\u010denika \u0160kole primjenjene umjetnosti i dizajna Osijek<\/strong>&#8211; poticanje svijesti i edukacija u\u010denika kako bi razumjeli detektirane probleme svojih vr\u0161njaka, stekli nova znanja<br \/>\ni informacije o javnim kampanjama, te kriti\u010dki promi\u0161ljali o tome kako njihova kreativna rje\u0161enja, osim svoje umjetni\u010dke vrijednosti, mogu imati i ve\u0107i dru\u0161tveni doprinos.<\/p>\n<p>&#8211;<strong> provedba vr\u0161nja\u010dke preventivne kampanje<\/strong><\/p>\n<p>&#8211; <strong>organizacija izlo\u017ebi u srednjim \u0161kola na podru\u010duju osje\u010dko-baranjske \u017eupanije te u jednom javnom prostoru u Osijeku<\/strong><\/p>\n<p>Projekt Ku\u017eim te! PRONI Centar prvodi u parnerstvu sa \u0160kolom primjenjene umjetnosti i dizajna Osijek,a projekt je financiran sredstvima Ministarstva za demografiju, mlade, obitelj i socijalnu politiku.<\/p>\n","protected":false},"excerpt":{"rendered":"<p>Od 1. lipnja 2020. PRONI Centar za socijalno podu\u010davanje zapo\u010deo je s provedbom projekta &#8220;Ku\u017eim te!&#8221;.\u00a0 Projekt ima za cilj utjecati na pozitivan razvoj adolescenata u Osijeku i Osje\u010dko-baranjskoj \u017eupaniji, u\u010denika srednjih \u0161kola kako bi osvijestili va\u017enost sudjelovanja u vr\u0161nja\u010dkoj prevenciji daljnjih rizi\u010dnih pona\u0161anja, promovirali o\u010duvanje mentalnog zdravlja svojih vr\u0161njaka i unaprijedili osobne mogu\u0107nosti i [&hellip;]<\/p>\n","protected":false},"author":5,"featured_media":5685,"comment_status":"closed","ping_status":"open","sticky":false,"template":"","format":"standard","meta":{"footnotes":""},"categories":[4],"tags":[],"_links":{"self":[{"href":"https:\/\/proni.hr\/old.proni.hr\/wp-json\/wp\/v2\/posts\/5680"}],"collection":[{"href":"https:\/\/proni.hr\/old.proni.hr\/wp-json\/wp\/v2\/posts"}],"about":[{"href":"https:\/\/proni.hr\/old.proni.hr\/wp-json\/wp\/v2\/types\/post"}],"author":[{"embeddable":true,"href":"https:\/\/proni.hr\/old.proni.hr\/wp-json\/wp\/v2\/users\/5"}],"replies":[{"embeddable":true,"href":"https:\/\/proni.hr\/old.proni.hr\/wp-json\/wp\/v2\/comments?post=5680"}],"version-history":[{"count":5,"href":"https:\/\/proni.hr\/old.proni.hr\/wp-json\/wp\/v2\/posts\/5680\/revisions"}],"predecessor-version":[{"id":5688,"href":"https:\/\/proni.hr\/old.proni.hr\/wp-json\/wp\/v2\/posts\/5680\/revisions\/5688"}],"wp:featuredmedia":[{"embeddable":true,"href":"https:\/\/proni.hr\/old.proni.hr\/wp-json\/wp\/v2\/media\/5685"}],"wp:attachment":[{"href":"https:\/\/proni.hr\/old.proni.hr\/wp-json\/wp\/v2\/media?parent=5680"}],"wp:term":[{"taxonomy":"category","embeddable":true,"href":"https:\/\/proni.hr\/old.proni.hr\/wp-json\/wp\/v2\/categories?post=5680"},{"taxonomy":"post_tag","embeddable":true,"href":"https:\/\/proni.hr\/old.proni.hr\/wp-json\/wp\/v2\/tags?post=5680"}],"curies":[{"name":"wp","href":"https:\/\/api.w.org\/{rel}","templated":true}]}}