{"id":5732,"date":"2020-09-02T11:04:54","date_gmt":"2020-09-02T11:04:54","guid":{"rendered":"http:\/\/proni.hr\/?p=5732"},"modified":"2020-09-02T15:12:41","modified_gmt":"2020-09-02T15:12:41","slug":"prevenko-nastavljamo-s-prevencijom-ovisnosti-medu-djecom-i-mladima","status":"publish","type":"post","link":"https:\/\/proni.hr\/old.proni.hr\/prevenko-nastavljamo-s-prevencijom-ovisnosti-medu-djecom-i-mladima\/","title":{"rendered":"Prevenko &#8211; nastavljamo s prevencijom ovisnosti me\u0111u djecom i mladima"},"content":{"rendered":"\n<p>Nakon ljetne stanke, u srijedu 2.9. 2020. odr\u017ean je drugi partnerski sastanak tima koji radi na provedbi trogodi\u0161njeg programa \u2013&nbsp;<a href=\"https:\/\/proni.hr\/old.proni.hr\/portfolio-items\/prevenko\/?portfolioID=1284\">Prevenko<\/a>.  <\/p>\n\n\n\n<p>Iako nam slijedi neizvjesna jesen, posebice kada je rije\u010d o provedbi nastave u \u0161kolama, partneri su odlu\u010dni u svojoj namjeri da nastave raditi na prevenciji ovisnosti me\u0111u u\u010denicima osnovnih \u0161kola i mladih u zajednici. Tako je na sastanku dogovoreno kako \u0107e se ve\u0107 tijekom narednih tjedana zapo\u010deti s provedbom edukacija za u\u010denike i njihove roditelje, a potom i provesti vr\u0161nja\u010dke kampanje u okviru obilje\u017eavanja Mjeseca borbe protiv ovisnosti s ciljem \u0161irenja utjecaja i djelovanja na svijest drugih u\u010denika.<\/p>\n\n\n\n<p>Ina\u010de, cilj trogodi\u0161njeg programa, koji se provodi u suradnji s tri osnovne \u0161kole s podru\u010dja Vukovarsko-srijemske \u017eupanije te ustanovama, udrugama i stru\u010dnjacima aktivnih u podru\u010dju prevencije ovisnosti, jeste doprinijeti suzbijanju i sprje\u010davanju pojave ovisnosti me\u0111u djecom i mladima te eksperimentiranje sa sredstvima ovisnosti na podru\u010dju Vukovarsko-srijemske \u017eupanije.<\/p>\n","protected":false},"excerpt":{"rendered":"<p>Nakon ljetne stanke, u srijedu 2.9. 2020. odr\u017ean je drugi partnerski sastanak tima koji radi na provedbi trogodi\u0161njeg programa \u2013&nbsp;Prevenko. Iako nam slijedi neizvjesna jesen, posebice kada je rije\u010d o provedbi nastave u \u0161kolama, partneri su odlu\u010dni u svojoj namjeri da nastave raditi na prevenciji ovisnosti me\u0111u u\u010denicima osnovnih \u0161kola i mladih u zajednici. Tako [&hellip;]<\/p>\n","protected":false},"author":4,"featured_media":5733,"comment_status":"closed","ping_status":"open","sticky":false,"template":"","format":"standard","meta":{"footnotes":""},"categories":[4],"tags":[],"_links":{"self":[{"href":"https:\/\/proni.hr\/old.proni.hr\/wp-json\/wp\/v2\/posts\/5732"}],"collection":[{"href":"https:\/\/proni.hr\/old.proni.hr\/wp-json\/wp\/v2\/posts"}],"about":[{"href":"https:\/\/proni.hr\/old.proni.hr\/wp-json\/wp\/v2\/types\/post"}],"author":[{"embeddable":true,"href":"https:\/\/proni.hr\/old.proni.hr\/wp-json\/wp\/v2\/users\/4"}],"replies":[{"embeddable":true,"href":"https:\/\/proni.hr\/old.proni.hr\/wp-json\/wp\/v2\/comments?post=5732"}],"version-history":[{"count":2,"href":"https:\/\/proni.hr\/old.proni.hr\/wp-json\/wp\/v2\/posts\/5732\/revisions"}],"predecessor-version":[{"id":5735,"href":"https:\/\/proni.hr\/old.proni.hr\/wp-json\/wp\/v2\/posts\/5732\/revisions\/5735"}],"wp:featuredmedia":[{"embeddable":true,"href":"https:\/\/proni.hr\/old.proni.hr\/wp-json\/wp\/v2\/media\/5733"}],"wp:attachment":[{"href":"https:\/\/proni.hr\/old.proni.hr\/wp-json\/wp\/v2\/media?parent=5732"}],"wp:term":[{"taxonomy":"category","embeddable":true,"href":"https:\/\/proni.hr\/old.proni.hr\/wp-json\/wp\/v2\/categories?post=5732"},{"taxonomy":"post_tag","embeddable":true,"href":"https:\/\/proni.hr\/old.proni.hr\/wp-json\/wp\/v2\/tags?post=5732"}],"curies":[{"name":"wp","href":"https:\/\/api.w.org\/{rel}","templated":true}]}}