{"id":5841,"date":"2020-10-30T09:01:48","date_gmt":"2020-10-30T09:01:48","guid":{"rendered":"http:\/\/proni.hr\/?p=5841"},"modified":"2020-12-10T17:25:03","modified_gmt":"2020-12-10T17:25:03","slug":"uspjesno-zavrsena-skola-za-eu","status":"publish","type":"post","link":"https:\/\/proni.hr\/old.proni.hr\/uspjesno-zavrsena-skola-za-eu\/","title":{"rendered":"Uspje\u0161no zavr\u0161ena \u0160kola za EU"},"content":{"rendered":"\n<p>Nakon mnogobrojnih susreta s u\u010denicima O\u0160 &#8220;Ivan Me\u0161trovi\u0107&#8221; Vrpolje te O\u0160 Ivane Brli\u0107-Ma\u017eurani\u0107 Rokovci-Andrija\u0161evci, isti su spoznali puno toga o Europskoj uniji te vrijednostima i na\u010dinima funkcioniranja iste.<\/p>\n\n\n\n<p>U\u010denici su nakon provedenih radionica temeljenih na neformalnim metodama rada i principima neformalnog obrazovanja, pokazali zavidno znanje na organiziranim debatama i diskusijama koje su se u obje \u0161kole provele kao dio zavr\u0161nih aktivnosti.  <\/p>\n\n\n\n<p>Osim toga, u\u010denici obje \u0161kole i kreativno su se izrazili o EU putem izrade plakata i crte\u017ea te su u sklopu <a rel=\"noreferrer noopener\" href=\"https:\/\/timetomove.eurodesk.eu\/hr\/\" target=\"_blank\">Time to move<\/a> kampanje bili upoznati s mogu\u0107nostima mobilnosti mladih kroz informiranje te igru s kartama.  <\/p>\n\n\n\n<p>Ina\u010de, cjelokupni obrazovni proces dio je projekta &#8220;\u0160kole za EU&#8221; financiran sredstvima Ministarstva vanjskih i europskih poslova, a \u010diji je nositelj <a href=\"https:\/\/lag-bosutskiniz.hr\/\" target=\"_blank\" rel=\"noreferrer noopener\">LAG Bosutski niz<\/a>, a PRONI Centar podizvo\u0111a\u010d.<\/p>\n\n\n\n<figure class=\"wp-block-image size-large\"><img loading=\"lazy\" decoding=\"async\" width=\"1024\" height=\"768\" src=\"https:\/\/proni.hr\/old.proni.hr\/wp-content\/uploads\/2020\/10\/Vrpolje-Dan-Europe-1024x768.jpg\" alt=\"\" class=\"wp-image-5839\" srcset=\"https:\/\/proni.hr\/old.proni.hr\/wp-content\/uploads\/2020\/10\/Vrpolje-Dan-Europe-1024x768.jpg 1024w, https:\/\/proni.hr\/old.proni.hr\/wp-content\/uploads\/2020\/10\/Vrpolje-Dan-Europe-300x225.jpg 300w, https:\/\/proni.hr\/old.proni.hr\/wp-content\/uploads\/2020\/10\/Vrpolje-Dan-Europe-768x576.jpg 768w, https:\/\/proni.hr\/old.proni.hr\/wp-content\/uploads\/2020\/10\/Vrpolje-Dan-Europe-1536x1152.jpg 1536w, https:\/\/proni.hr\/old.proni.hr\/wp-content\/uploads\/2020\/10\/Vrpolje-Dan-Europe.jpg 1920w\" sizes=\"(max-width: 1024px) 100vw, 1024px\" \/><\/figure>\n\n\n\n<figure class=\"wp-block-gallery columns-3 is-cropped wp-block-gallery-1 is-layout-flex wp-block-gallery-is-layout-flex\"><ul class=\"blocks-gallery-grid\"><li class=\"blocks-gallery-item\"><figure><img loading=\"lazy\" decoding=\"async\" width=\"1024\" height=\"576\" src=\"https:\/\/proni.hr\/old.proni.hr\/wp-content\/uploads\/2020\/10\/Radionica-3-i-4-1-1024x576.jpg\" alt=\"\" data-id=\"5838\" data-link=\"https:\/\/proni.hr\/old.proni.hr\/radionica-3-i-4-1\/\" class=\"wp-image-5838\" srcset=\"https:\/\/proni.hr\/old.proni.hr\/wp-content\/uploads\/2020\/10\/Radionica-3-i-4-1-1024x576.jpg 1024w, https:\/\/proni.hr\/old.proni.hr\/wp-content\/uploads\/2020\/10\/Radionica-3-i-4-1-300x169.jpg 300w, https:\/\/proni.hr\/old.proni.hr\/wp-content\/uploads\/2020\/10\/Radionica-3-i-4-1-768x432.jpg 768w, https:\/\/proni.hr\/old.proni.hr\/wp-content\/uploads\/2020\/10\/Radionica-3-i-4-1-1536x864.jpg 1536w, https:\/\/proni.hr\/old.proni.hr\/wp-content\/uploads\/2020\/10\/Radionica-3-i-4-1.jpg 1920w\" sizes=\"(max-width: 1024px) 100vw, 1024px\" \/><\/figure><\/li><li class=\"blocks-gallery-item\"><figure><img loading=\"lazy\" decoding=\"async\" width=\"1024\" height=\"576\" src=\"https:\/\/proni.hr\/old.proni.hr\/wp-content\/uploads\/2020\/10\/Vrpolje-Debata-7-1024x576.jpg\" alt=\"\" data-id=\"5836\" data-link=\"https:\/\/proni.hr\/old.proni.hr\/vrpolje-debata-7\/\" class=\"wp-image-5836\" srcset=\"https:\/\/proni.hr\/old.proni.hr\/wp-content\/uploads\/2020\/10\/Vrpolje-Debata-7-1024x576.jpg 1024w, https:\/\/proni.hr\/old.proni.hr\/wp-content\/uploads\/2020\/10\/Vrpolje-Debata-7-300x169.jpg 300w, https:\/\/proni.hr\/old.proni.hr\/wp-content\/uploads\/2020\/10\/Vrpolje-Debata-7-768x432.jpg 768w, https:\/\/proni.hr\/old.proni.hr\/wp-content\/uploads\/2020\/10\/Vrpolje-Debata-7-1536x864.jpg 1536w, https:\/\/proni.hr\/old.proni.hr\/wp-content\/uploads\/2020\/10\/Vrpolje-Debata-7.jpg 1920w\" sizes=\"(max-width: 1024px) 100vw, 1024px\" \/><\/figure><\/li><li class=\"blocks-gallery-item\"><figure><img loading=\"lazy\" decoding=\"async\" width=\"1024\" height=\"576\" src=\"https:\/\/proni.hr\/old.proni.hr\/wp-content\/uploads\/2020\/10\/Radionica-3-i-4-3-1024x576.jpg\" alt=\"\" data-id=\"5835\" data-link=\"https:\/\/proni.hr\/old.proni.hr\/radionica-3-i-4-3\/\" class=\"wp-image-5835\" srcset=\"https:\/\/proni.hr\/old.proni.hr\/wp-content\/uploads\/2020\/10\/Radionica-3-i-4-3-1024x576.jpg 1024w, https:\/\/proni.hr\/old.proni.hr\/wp-content\/uploads\/2020\/10\/Radionica-3-i-4-3-300x169.jpg 300w, https:\/\/proni.hr\/old.proni.hr\/wp-content\/uploads\/2020\/10\/Radionica-3-i-4-3-768x432.jpg 768w, https:\/\/proni.hr\/old.proni.hr\/wp-content\/uploads\/2020\/10\/Radionica-3-i-4-3-1536x864.jpg 1536w, https:\/\/proni.hr\/old.proni.hr\/wp-content\/uploads\/2020\/10\/Radionica-3-i-4-3.jpg 1920w\" sizes=\"(max-width: 1024px) 100vw, 1024px\" \/><\/figure><\/li><li class=\"blocks-gallery-item\"><figure><img loading=\"lazy\" decoding=\"async\" width=\"1024\" height=\"576\" src=\"https:\/\/proni.hr\/old.proni.hr\/wp-content\/uploads\/2020\/10\/Radionica-9-i-10-1-1024x576.jpg\" alt=\"\" data-id=\"5834\" data-link=\"https:\/\/proni.hr\/old.proni.hr\/radionica-9-i-10-1\/\" class=\"wp-image-5834\" srcset=\"https:\/\/proni.hr\/old.proni.hr\/wp-content\/uploads\/2020\/10\/Radionica-9-i-10-1-1024x576.jpg 1024w, https:\/\/proni.hr\/old.proni.hr\/wp-content\/uploads\/2020\/10\/Radionica-9-i-10-1-300x169.jpg 300w, https:\/\/proni.hr\/old.proni.hr\/wp-content\/uploads\/2020\/10\/Radionica-9-i-10-1-768x432.jpg 768w, https:\/\/proni.hr\/old.proni.hr\/wp-content\/uploads\/2020\/10\/Radionica-9-i-10-1-1536x864.jpg 1536w, https:\/\/proni.hr\/old.proni.hr\/wp-content\/uploads\/2020\/10\/Radionica-9-i-10-1.jpg 1920w\" sizes=\"(max-width: 1024px) 100vw, 1024px\" \/><\/figure><\/li><li class=\"blocks-gallery-item\"><figure><img loading=\"lazy\" decoding=\"async\" width=\"1024\" height=\"768\" src=\"https:\/\/proni.hr\/old.proni.hr\/wp-content\/uploads\/2020\/10\/Debata-5-1024x768.jpg\" alt=\"\" data-id=\"5831\" data-link=\"https:\/\/proni.hr\/old.proni.hr\/debata-5\/\" class=\"wp-image-5831\" srcset=\"https:\/\/proni.hr\/old.proni.hr\/wp-content\/uploads\/2020\/10\/Debata-5-1024x768.jpg 1024w, https:\/\/proni.hr\/old.proni.hr\/wp-content\/uploads\/2020\/10\/Debata-5-300x225.jpg 300w, https:\/\/proni.hr\/old.proni.hr\/wp-content\/uploads\/2020\/10\/Debata-5-768x576.jpg 768w, https:\/\/proni.hr\/old.proni.hr\/wp-content\/uploads\/2020\/10\/Debata-5-1536x1152.jpg 1536w, https:\/\/proni.hr\/old.proni.hr\/wp-content\/uploads\/2020\/10\/Debata-5.jpg 1920w\" sizes=\"(max-width: 1024px) 100vw, 1024px\" \/><\/figure><\/li><li class=\"blocks-gallery-item\"><figure><img loading=\"lazy\" decoding=\"async\" width=\"1024\" height=\"576\" src=\"https:\/\/proni.hr\/old.proni.hr\/wp-content\/uploads\/2020\/10\/Debata-3-1024x576.jpg\" alt=\"\" data-id=\"5828\" data-link=\"https:\/\/proni.hr\/old.proni.hr\/debata-3\/\" class=\"wp-image-5828\" srcset=\"https:\/\/proni.hr\/old.proni.hr\/wp-content\/uploads\/2020\/10\/Debata-3-1024x576.jpg 1024w, https:\/\/proni.hr\/old.proni.hr\/wp-content\/uploads\/2020\/10\/Debata-3-300x169.jpg 300w, https:\/\/proni.hr\/old.proni.hr\/wp-content\/uploads\/2020\/10\/Debata-3-768x432.jpg 768w, https:\/\/proni.hr\/old.proni.hr\/wp-content\/uploads\/2020\/10\/Debata-3-1536x864.jpg 1536w, https:\/\/proni.hr\/old.proni.hr\/wp-content\/uploads\/2020\/10\/Debata-3.jpg 1920w\" sizes=\"(max-width: 1024px) 100vw, 1024px\" \/><\/figure><\/li><li class=\"blocks-gallery-item\"><figure><img loading=\"lazy\" decoding=\"async\" width=\"768\" height=\"1024\" src=\"https:\/\/proni.hr\/old.proni.hr\/wp-content\/uploads\/2020\/10\/Vrpolje-1-i-2-radionica-11-768x1024.jpg\" alt=\"\" data-id=\"5829\" data-link=\"https:\/\/proni.hr\/old.proni.hr\/vrpolje-1-i-2-radionica-11\/\" class=\"wp-image-5829\" srcset=\"https:\/\/proni.hr\/old.proni.hr\/wp-content\/uploads\/2020\/10\/Vrpolje-1-i-2-radionica-11-768x1024.jpg 768w, https:\/\/proni.hr\/old.proni.hr\/wp-content\/uploads\/2020\/10\/Vrpolje-1-i-2-radionica-11-225x300.jpg 225w, https:\/\/proni.hr\/old.proni.hr\/wp-content\/uploads\/2020\/10\/Vrpolje-1-i-2-radionica-11-1152x1536.jpg 1152w, https:\/\/proni.hr\/old.proni.hr\/wp-content\/uploads\/2020\/10\/Vrpolje-1-i-2-radionica-11-1536x2048.jpg 1536w, https:\/\/proni.hr\/old.proni.hr\/wp-content\/uploads\/2020\/10\/Vrpolje-1-i-2-radionica-11.jpg 1920w\" sizes=\"(max-width: 768px) 100vw, 768px\" \/><\/figure><\/li><li class=\"blocks-gallery-item\"><figure><img loading=\"lazy\" decoding=\"async\" width=\"768\" height=\"1024\" src=\"https:\/\/proni.hr\/old.proni.hr\/wp-content\/uploads\/2020\/10\/Vrpolje-1-i-2-radionica-1-768x1024.jpg\" alt=\"\" data-id=\"5830\" data-link=\"https:\/\/proni.hr\/old.proni.hr\/vrpolje-1-i-2-radionica-1\/\" class=\"wp-image-5830\" srcset=\"https:\/\/proni.hr\/old.proni.hr\/wp-content\/uploads\/2020\/10\/Vrpolje-1-i-2-radionica-1-768x1024.jpg 768w, https:\/\/proni.hr\/old.proni.hr\/wp-content\/uploads\/2020\/10\/Vrpolje-1-i-2-radionica-1-225x300.jpg 225w, https:\/\/proni.hr\/old.proni.hr\/wp-content\/uploads\/2020\/10\/Vrpolje-1-i-2-radionica-1-1152x1536.jpg 1152w, https:\/\/proni.hr\/old.proni.hr\/wp-content\/uploads\/2020\/10\/Vrpolje-1-i-2-radionica-1-1536x2048.jpg 1536w, https:\/\/proni.hr\/old.proni.hr\/wp-content\/uploads\/2020\/10\/Vrpolje-1-i-2-radionica-1.jpg 1920w\" sizes=\"(max-width: 768px) 100vw, 768px\" \/><\/figure><\/li><li class=\"blocks-gallery-item\"><figure><img loading=\"lazy\" decoding=\"async\" width=\"1024\" height=\"768\" src=\"https:\/\/proni.hr\/old.proni.hr\/wp-content\/uploads\/2020\/10\/Vrpolje-Dan-Europe-6-1024x768.jpg\" alt=\"\" data-id=\"5837\" data-link=\"https:\/\/proni.hr\/old.proni.hr\/vrpolje-dan-europe-6\/\" class=\"wp-image-5837\" srcset=\"https:\/\/proni.hr\/old.proni.hr\/wp-content\/uploads\/2020\/10\/Vrpolje-Dan-Europe-6-1024x768.jpg 1024w, https:\/\/proni.hr\/old.proni.hr\/wp-content\/uploads\/2020\/10\/Vrpolje-Dan-Europe-6-300x225.jpg 300w, https:\/\/proni.hr\/old.proni.hr\/wp-content\/uploads\/2020\/10\/Vrpolje-Dan-Europe-6-768x576.jpg 768w, https:\/\/proni.hr\/old.proni.hr\/wp-content\/uploads\/2020\/10\/Vrpolje-Dan-Europe-6-1536x1152.jpg 1536w, https:\/\/proni.hr\/old.proni.hr\/wp-content\/uploads\/2020\/10\/Vrpolje-Dan-Europe-6.jpg 1920w\" sizes=\"(max-width: 1024px) 100vw, 1024px\" \/><\/figure><\/li><\/ul><\/figure>\n\n\n\n<figure class=\"wp-block-image size-large\"><img loading=\"lazy\" decoding=\"async\" width=\"1024\" height=\"768\" src=\"https:\/\/proni.hr\/old.proni.hr\/wp-content\/uploads\/2020\/10\/Time-to-move-1-1024x768.jpg\" alt=\"\" class=\"wp-image-5844\" srcset=\"https:\/\/proni.hr\/old.proni.hr\/wp-content\/uploads\/2020\/10\/Time-to-move-1-1024x768.jpg 1024w, https:\/\/proni.hr\/old.proni.hr\/wp-content\/uploads\/2020\/10\/Time-to-move-1-300x225.jpg 300w, https:\/\/proni.hr\/old.proni.hr\/wp-content\/uploads\/2020\/10\/Time-to-move-1-768x576.jpg 768w, https:\/\/proni.hr\/old.proni.hr\/wp-content\/uploads\/2020\/10\/Time-to-move-1-1536x1152.jpg 1536w, https:\/\/proni.hr\/old.proni.hr\/wp-content\/uploads\/2020\/10\/Time-to-move-1.jpg 1600w\" sizes=\"(max-width: 1024px) 100vw, 1024px\" \/><\/figure>\n\n\n\n<figure class=\"wp-block-image size-large\"><img loading=\"lazy\" decoding=\"async\" width=\"1024\" height=\"576\" src=\"https:\/\/proni.hr\/old.proni.hr\/wp-content\/uploads\/2020\/10\/Diskusija-i-likovna-radionica-1024x576.jpg\" alt=\"\" class=\"wp-image-5833\" srcset=\"https:\/\/proni.hr\/old.proni.hr\/wp-content\/uploads\/2020\/10\/Diskusija-i-likovna-radionica-1024x576.jpg 1024w, https:\/\/proni.hr\/old.proni.hr\/wp-content\/uploads\/2020\/10\/Diskusija-i-likovna-radionica-300x169.jpg 300w, https:\/\/proni.hr\/old.proni.hr\/wp-content\/uploads\/2020\/10\/Diskusija-i-likovna-radionica-768x432.jpg 768w, https:\/\/proni.hr\/old.proni.hr\/wp-content\/uploads\/2020\/10\/Diskusija-i-likovna-radionica-1536x864.jpg 1536w, https:\/\/proni.hr\/old.proni.hr\/wp-content\/uploads\/2020\/10\/Diskusija-i-likovna-radionica.jpg 1920w\" sizes=\"(max-width: 1024px) 100vw, 1024px\" \/><\/figure>\n\n\n\n<figure class=\"wp-block-image size-large\"><img loading=\"lazy\" decoding=\"async\" width=\"1024\" height=\"576\" src=\"https:\/\/proni.hr\/old.proni.hr\/wp-content\/uploads\/2020\/10\/Vrpolje-Dan-Europe1-1024x576.jpg\" alt=\"\" class=\"wp-image-5832\" srcset=\"https:\/\/proni.hr\/old.proni.hr\/wp-content\/uploads\/2020\/10\/Vrpolje-Dan-Europe1-1024x576.jpg 1024w, https:\/\/proni.hr\/old.proni.hr\/wp-content\/uploads\/2020\/10\/Vrpolje-Dan-Europe1-300x169.jpg 300w, https:\/\/proni.hr\/old.proni.hr\/wp-content\/uploads\/2020\/10\/Vrpolje-Dan-Europe1-768x432.jpg 768w, https:\/\/proni.hr\/old.proni.hr\/wp-content\/uploads\/2020\/10\/Vrpolje-Dan-Europe1-1536x864.jpg 1536w, https:\/\/proni.hr\/old.proni.hr\/wp-content\/uploads\/2020\/10\/Vrpolje-Dan-Europe1.jpg 1920w\" sizes=\"(max-width: 1024px) 100vw, 1024px\" \/><\/figure>\n","protected":false},"excerpt":{"rendered":"<p>Nakon mnogobrojnih susreta s u\u010denicima O\u0160 &#8220;Ivan Me\u0161trovi\u0107&#8221; Vrpolje te O\u0160 Ivane Brli\u0107-Ma\u017eurani\u0107 Rokovci-Andrija\u0161evci, isti su spoznali puno toga o Europskoj uniji te vrijednostima i na\u010dinima funkcioniranja iste. U\u010denici su nakon provedenih radionica temeljenih na neformalnim metodama rada i principima neformalnog obrazovanja, pokazali zavidno znanje na organiziranim debatama i diskusijama koje su se u obje [&hellip;]<\/p>\n","protected":false},"author":4,"featured_media":5840,"comment_status":"closed","ping_status":"open","sticky":false,"template":"","format":"standard","meta":{"footnotes":""},"categories":[4],"tags":[],"_links":{"self":[{"href":"https:\/\/proni.hr\/old.proni.hr\/wp-json\/wp\/v2\/posts\/5841"}],"collection":[{"href":"https:\/\/proni.hr\/old.proni.hr\/wp-json\/wp\/v2\/posts"}],"about":[{"href":"https:\/\/proni.hr\/old.proni.hr\/wp-json\/wp\/v2\/types\/post"}],"author":[{"embeddable":true,"href":"https:\/\/proni.hr\/old.proni.hr\/wp-json\/wp\/v2\/users\/4"}],"replies":[{"embeddable":true,"href":"https:\/\/proni.hr\/old.proni.hr\/wp-json\/wp\/v2\/comments?post=5841"}],"version-history":[{"count":3,"href":"https:\/\/proni.hr\/old.proni.hr\/wp-json\/wp\/v2\/posts\/5841\/revisions"}],"predecessor-version":[{"id":6039,"href":"https:\/\/proni.hr\/old.proni.hr\/wp-json\/wp\/v2\/posts\/5841\/revisions\/6039"}],"wp:featuredmedia":[{"embeddable":true,"href":"https:\/\/proni.hr\/old.proni.hr\/wp-json\/wp\/v2\/media\/5840"}],"wp:attachment":[{"href":"https:\/\/proni.hr\/old.proni.hr\/wp-json\/wp\/v2\/media?parent=5841"}],"wp:term":[{"taxonomy":"category","embeddable":true,"href":"https:\/\/proni.hr\/old.proni.hr\/wp-json\/wp\/v2\/categories?post=5841"},{"taxonomy":"post_tag","embeddable":true,"href":"https:\/\/proni.hr\/old.proni.hr\/wp-json\/wp\/v2\/tags?post=5841"}],"curies":[{"name":"wp","href":"https:\/\/api.w.org\/{rel}","templated":true}]}}