{"id":5846,"date":"2020-11-01T16:55:07","date_gmt":"2020-11-01T16:55:07","guid":{"rendered":"http:\/\/proni.hr\/?p=5846"},"modified":"2020-11-01T16:55:09","modified_gmt":"2020-11-01T16:55:09","slug":"volonterska-nagrada-2020","status":"publish","type":"post","link":"https:\/\/proni.hr\/old.proni.hr\/volonterska-nagrada-2020\/","title":{"rendered":"Volonterska nagrada 2020."},"content":{"rendered":"\n<p>Povodom obilje\u017eavanja Me\u0111unarodnog dana volontera, 5. prosinca, Volonterski centar Vukovar objavljuje<\/p>\n\n\n\n<p>NATJE\u010cAJ ZA DODJELU VOLONTERSKE NAGRADE ZA 2020. pod sloganom \u201cGradimo svoju zajednicu!\u201d<\/p>\n\n\n\n<p>Volonterski centar Vukovar poziva sve pojedince, udruge, ustanove i poslovne organizacije na podru\u010dju grada Vukovara da nominiraju fizi\u010dke i pravne osobe za dodjelu godi\u0161nje volonterske nagrade u sljede\u0107im kategorijama:<\/p>\n\n\n\n<p>Nagrada za volonterski anga\u017eman pojedinca \u2013 <a href=\"https:\/\/proni.hr\/old.proni.hr\/wp-content\/uploads\/2020\/11\/Nominacijski-obrazac-Volonterski-angazman-pojedinac.doc\">obrazac<\/a><br>Nagrada za primjer dobre prakse uklju\u010divanja volontera \u2013 <a href=\"https:\/\/proni.hr\/old.proni.hr\/wp-content\/uploads\/2020\/11\/Nominacijski-obrazac-Primjer-dobre-prakse.doc\">obrazac<\/a><br>Nagrada za doprinos razvoja volonterskih programa me\u0111u djecom i mladima \u2013 <a href=\"https:\/\/proni.hr\/old.proni.hr\/wp-content\/uploads\/2020\/11\/Nominacijski-obrazac-Razvoj-volonterskih-programa-medu-djecom-i-mladima.doc\">obrazac<\/a><br>Nagrada za poticanje inkluzivnog volontiranja \u2013 <a href=\"https:\/\/proni.hr\/old.proni.hr\/wp-content\/uploads\/2020\/11\/Nominacijski-obrazac-Poticanje-inkluzivnog-volontiranja.doc\">obrazac<\/a><\/p>\n\n\n\n<p>Volontersku nagradu dodjeljuje nositelj programa Volonterskog centra Vukovar \u2013 PRONI Centar za socijalno podu\u010davanje uz financijsku podr\u0161ku Ministarstva za demografiju, obitelj, mlade i socijalnu politiku te Grada Vukovara.<\/p>\n\n\n\n<p>Natje\u010daj je otvoren do ponedjeljka, 16. studenoga 2020.<\/p>\n\n\n\n<p>Prijave (nominacijski obrasci) mogu se slati e-mailom na volonterski-vukovar@proni.hr, po\u0161tom ili dostaviti osobno na adresu Volonterskog centra Vukovar, 204. vukovarske brigade 43, Vukovar, svakog radnog dana od 9 do 15 sati.<\/p>\n\n\n\n<p>Broj nominacija nije ograni\u010den.<\/p>\n","protected":false},"excerpt":{"rendered":"<p>Povodom obilje\u017eavanja Me\u0111unarodnog dana volontera, 5. prosinca, Volonterski centar Vukovar objavljuje NATJE\u010cAJ ZA DODJELU VOLONTERSKE NAGRADE ZA 2020. pod sloganom \u201cGradimo svoju zajednicu!\u201d Volonterski centar Vukovar poziva sve pojedince, udruge, ustanove i poslovne organizacije na podru\u010dju grada Vukovara da nominiraju fizi\u010dke i pravne osobe za dodjelu godi\u0161nje volonterske nagrade u sljede\u0107im kategorijama: Nagrada za volonterski [&hellip;]<\/p>\n","protected":false},"author":4,"featured_media":5847,"comment_status":"closed","ping_status":"open","sticky":false,"template":"","format":"standard","meta":{"footnotes":""},"categories":[4],"tags":[],"_links":{"self":[{"href":"https:\/\/proni.hr\/old.proni.hr\/wp-json\/wp\/v2\/posts\/5846"}],"collection":[{"href":"https:\/\/proni.hr\/old.proni.hr\/wp-json\/wp\/v2\/posts"}],"about":[{"href":"https:\/\/proni.hr\/old.proni.hr\/wp-json\/wp\/v2\/types\/post"}],"author":[{"embeddable":true,"href":"https:\/\/proni.hr\/old.proni.hr\/wp-json\/wp\/v2\/users\/4"}],"replies":[{"embeddable":true,"href":"https:\/\/proni.hr\/old.proni.hr\/wp-json\/wp\/v2\/comments?post=5846"}],"version-history":[{"count":2,"href":"https:\/\/proni.hr\/old.proni.hr\/wp-json\/wp\/v2\/posts\/5846\/revisions"}],"predecessor-version":[{"id":5853,"href":"https:\/\/proni.hr\/old.proni.hr\/wp-json\/wp\/v2\/posts\/5846\/revisions\/5853"}],"wp:featuredmedia":[{"embeddable":true,"href":"https:\/\/proni.hr\/old.proni.hr\/wp-json\/wp\/v2\/media\/5847"}],"wp:attachment":[{"href":"https:\/\/proni.hr\/old.proni.hr\/wp-json\/wp\/v2\/media?parent=5846"}],"wp:term":[{"taxonomy":"category","embeddable":true,"href":"https:\/\/proni.hr\/old.proni.hr\/wp-json\/wp\/v2\/categories?post=5846"},{"taxonomy":"post_tag","embeddable":true,"href":"https:\/\/proni.hr\/old.proni.hr\/wp-json\/wp\/v2\/tags?post=5846"}],"curies":[{"name":"wp","href":"https:\/\/api.w.org\/{rel}","templated":true}]}}