{"id":588,"date":"2015-01-05T20:04:55","date_gmt":"2015-01-05T20:04:55","guid":{"rendered":"http:\/\/proni.hr\/?p=588"},"modified":"2015-01-13T11:33:53","modified_gmt":"2015-01-13T11:33:53","slug":"odrzana-godisnja-skupstina-proni-centra","status":"publish","type":"post","link":"https:\/\/proni.hr\/old.proni.hr\/odrzana-godisnja-skupstina-proni-centra\/","title":{"rendered":"Odr\u017eana Godi\u0161nja skup\u0161tina PRONI Centra"},"content":{"rendered":"<p>U veoma ugodnoj atmosferi prisutnim \u010dlanovima prezentirani su svi projekti i aktivnosti koje su se provodile tijekom 2007. godine. I nadalje \u0107e predsjednica PRONI Centra biti Snje\u017eana Baraba\u0161-Ser\u0161i\u0107, a potpredsjednik Goran Jeleni\u0107.<\/p>\n","protected":false},"excerpt":{"rendered":"<p>U veoma ugodnoj atmosferi prisutnim \u010dlanovima prezentirani su svi projekti i aktivnosti koje su se provodile tijekom 2007. godine. I nadalje \u0107e predsjednica PRONI Centra biti Snje\u017eana Baraba\u0161-Ser\u0161i\u0107, a potpredsjednik Goran Jeleni\u0107.<\/p>\n","protected":false},"author":5,"featured_media":0,"comment_status":"closed","ping_status":"open","sticky":false,"template":"","format":"standard","meta":{"footnotes":""},"categories":[4],"tags":[],"_links":{"self":[{"href":"https:\/\/proni.hr\/old.proni.hr\/wp-json\/wp\/v2\/posts\/588"}],"collection":[{"href":"https:\/\/proni.hr\/old.proni.hr\/wp-json\/wp\/v2\/posts"}],"about":[{"href":"https:\/\/proni.hr\/old.proni.hr\/wp-json\/wp\/v2\/types\/post"}],"author":[{"embeddable":true,"href":"https:\/\/proni.hr\/old.proni.hr\/wp-json\/wp\/v2\/users\/5"}],"replies":[{"embeddable":true,"href":"https:\/\/proni.hr\/old.proni.hr\/wp-json\/wp\/v2\/comments?post=588"}],"version-history":[{"count":0,"href":"https:\/\/proni.hr\/old.proni.hr\/wp-json\/wp\/v2\/posts\/588\/revisions"}],"wp:attachment":[{"href":"https:\/\/proni.hr\/old.proni.hr\/wp-json\/wp\/v2\/media?parent=588"}],"wp:term":[{"taxonomy":"category","embeddable":true,"href":"https:\/\/proni.hr\/old.proni.hr\/wp-json\/wp\/v2\/categories?post=588"},{"taxonomy":"post_tag","embeddable":true,"href":"https:\/\/proni.hr\/old.proni.hr\/wp-json\/wp\/v2\/tags?post=588"}],"curies":[{"name":"wp","href":"https:\/\/api.w.org\/{rel}","templated":true}]}}