{"id":6161,"date":"2021-02-11T13:55:14","date_gmt":"2021-02-11T13:55:14","guid":{"rendered":"http:\/\/proni.hr\/?p=6161"},"modified":"2021-02-11T13:55:16","modified_gmt":"2021-02-11T13:55:16","slug":"prevenko-ponovno-u-akciji","status":"publish","type":"post","link":"https:\/\/proni.hr\/old.proni.hr\/prevenko-ponovno-u-akciji\/","title":{"rendered":"Prevenko ponovno u akciji"},"content":{"rendered":"\n<p>Odr\u017ean je sastanak u prostoru PRONI Centra u Vukovaru 11.2.2021., te je na taj na\u010din obilje\u017een slu\u017ebeni po\u010detak druge godine provedbe programa PRONI Centra \u2013\u00a0<a href=\"https:\/\/proni.hr\/old.proni.hr\/portfolio-items\/prevenko\/?portfolioID=1284\">Prevenko<\/a>, koji se realizira u suradnji i partnerstvu s osnovnim \u0161kolama iz Vukovarsko-srijemske \u017eupanije \u2013 O\u0160 Mitnica, O\u0160 Negoslavci i O\u0160 Nikole Tesle Mirkovci, Policijskom upravom Vukovarsko-srijemskom, Vije\u0107em za prevenciju Grada Vukovara te udrugom Ne-ovisnost iz Osijeka.<\/p>\n\n\n\n<p>Na sastanku smo razgovarali o pro\u0161logodi\u0161njim iskustvima te na temelju istih planirali provedbu ovogodi\u0161njih aktivnosti s u\u010denicima te njihovim roditeljima i \u0161kolskim djelatnicima, a u svrhu kontinuiranog rada na preveniranju ovisnosti me\u0111u djecom i mladima na podru\u010dju Vukovarsko-srijemske \u017eupanije. <\/p>\n\n\n\n<p><\/p>\n\n\n\n<p><\/p>\n","protected":false},"excerpt":{"rendered":"<p>Odr\u017ean je sastanak u prostoru PRONI Centra u Vukovaru 11.2.2021., te je na taj na\u010din obilje\u017een slu\u017ebeni po\u010detak druge godine provedbe programa PRONI Centra \u2013\u00a0Prevenko, koji se realizira u suradnji i partnerstvu s osnovnim \u0161kolama iz Vukovarsko-srijemske \u017eupanije \u2013 O\u0160 Mitnica, O\u0160 Negoslavci i O\u0160 Nikole Tesle Mirkovci, Policijskom upravom Vukovarsko-srijemskom, Vije\u0107em za prevenciju Grada [&hellip;]<\/p>\n","protected":false},"author":4,"featured_media":6164,"comment_status":"closed","ping_status":"open","sticky":false,"template":"","format":"standard","meta":{"footnotes":""},"categories":[4],"tags":[],"_links":{"self":[{"href":"https:\/\/proni.hr\/old.proni.hr\/wp-json\/wp\/v2\/posts\/6161"}],"collection":[{"href":"https:\/\/proni.hr\/old.proni.hr\/wp-json\/wp\/v2\/posts"}],"about":[{"href":"https:\/\/proni.hr\/old.proni.hr\/wp-json\/wp\/v2\/types\/post"}],"author":[{"embeddable":true,"href":"https:\/\/proni.hr\/old.proni.hr\/wp-json\/wp\/v2\/users\/4"}],"replies":[{"embeddable":true,"href":"https:\/\/proni.hr\/old.proni.hr\/wp-json\/wp\/v2\/comments?post=6161"}],"version-history":[{"count":3,"href":"https:\/\/proni.hr\/old.proni.hr\/wp-json\/wp\/v2\/posts\/6161\/revisions"}],"predecessor-version":[{"id":6165,"href":"https:\/\/proni.hr\/old.proni.hr\/wp-json\/wp\/v2\/posts\/6161\/revisions\/6165"}],"wp:featuredmedia":[{"embeddable":true,"href":"https:\/\/proni.hr\/old.proni.hr\/wp-json\/wp\/v2\/media\/6164"}],"wp:attachment":[{"href":"https:\/\/proni.hr\/old.proni.hr\/wp-json\/wp\/v2\/media?parent=6161"}],"wp:term":[{"taxonomy":"category","embeddable":true,"href":"https:\/\/proni.hr\/old.proni.hr\/wp-json\/wp\/v2\/categories?post=6161"},{"taxonomy":"post_tag","embeddable":true,"href":"https:\/\/proni.hr\/old.proni.hr\/wp-json\/wp\/v2\/tags?post=6161"}],"curies":[{"name":"wp","href":"https:\/\/api.w.org\/{rel}","templated":true}]}}