{"id":6222,"date":"2021-03-05T13:19:00","date_gmt":"2021-03-05T13:19:00","guid":{"rendered":"http:\/\/proni.hr\/?p=6222"},"modified":"2021-03-05T13:38:48","modified_gmt":"2021-03-05T13:38:48","slug":"zapocela-putujuca-izlozba-ucenickih-radova","status":"publish","type":"post","link":"https:\/\/proni.hr\/old.proni.hr\/zapocela-putujuca-izlozba-ucenickih-radova\/","title":{"rendered":"Zapo\u010dela putuju\u0107a izlo\u017eba u\u010deni\u010dkih radova"},"content":{"rendered":"\n<p>Izlo\u017eba \u201eKU\u017dIM TE!\u201c nastala je u okviru projekta \u201eKu\u017eim te\u201c s ciljem podr\u0161ke mladima za pozitavan razvoj&nbsp;i o\u010duvanje mentalnoga zdravlja. Izlo\u017eba je namijenjena u\u010denicima srednjih \u0161kola u Osje\u010dko-baranjskoj \u017eupaniji, kako bi osvijestili va\u017enost sudjelovanja u vr\u0161nja\u010dkoj prevenciji daljnjih rizi\u010dnih pona\u0161anja, promovirali o\u010duvanje mentalnog zdravlja svojih vr\u0161njaka i unaprijedili osobne mogu\u0107nosti i potencijale, ali i bili podr\u0161ka drugim mladima u problemu s mentalnim zdravljem.<\/p>\n\n\n\n<p>Izlo\u017eba \u201eKU\u017dIM TE!\u201c sadr\u017eava i poruke podr\u0161ke o kojima su diskutirali i kreirali ih 100 srednjo\u0161kolaca iz 5 osje\u010dkih srednjih \u0161kola.<\/p>\n\n\n\n<p>Likovne uratke za izlo\u017ebu kreirali su u\u010denici 1. \u2013 4. razreda \u0160kole za primjenjenu umjetnost i dizajn Osijek, uz mentorstvo nastavnice Dajane Ososlije.<\/p>\n\n\n\n<p>Izlo\u017eba \u0107e biti prikazana, osim u virtualnom prostoru, u srednjim \u0161kolama na podru\u010dju Osje\u010dko-baranjske \u017eupanije od o\u017eujka do lipnja 2021.godine.&nbsp; Izlo\u017eba je svoje \u201cputovanje\u201d po srednjim \u0161kolama zapo\u010dela u Gimnaziji Beli Manastir.<\/p>\n\n\n\n<figure class=\"wp-block-image size-large\"><img loading=\"lazy\" decoding=\"async\" width=\"960\" height=\"540\" src=\"https:\/\/proni.hr\/old.proni.hr\/wp-content\/uploads\/2021\/03\/156976854_424951568789060_4678123766374012771_n.jpg\" alt=\"\" class=\"wp-image-6224\" srcset=\"https:\/\/proni.hr\/old.proni.hr\/wp-content\/uploads\/2021\/03\/156976854_424951568789060_4678123766374012771_n.jpg 960w, https:\/\/proni.hr\/old.proni.hr\/wp-content\/uploads\/2021\/03\/156976854_424951568789060_4678123766374012771_n-300x169.jpg 300w, https:\/\/proni.hr\/old.proni.hr\/wp-content\/uploads\/2021\/03\/156976854_424951568789060_4678123766374012771_n-768x432.jpg 768w\" sizes=\"(max-width: 960px) 100vw, 960px\" \/><\/figure>\n\n\n\n<figure class=\"wp-block-image size-large\"><img loading=\"lazy\" decoding=\"async\" width=\"960\" height=\"540\" src=\"https:\/\/proni.hr\/old.proni.hr\/wp-content\/uploads\/2021\/03\/156388549_1026617141195595_2722739745751079653_n.jpg\" alt=\"\" class=\"wp-image-6225\" srcset=\"https:\/\/proni.hr\/old.proni.hr\/wp-content\/uploads\/2021\/03\/156388549_1026617141195595_2722739745751079653_n.jpg 960w, https:\/\/proni.hr\/old.proni.hr\/wp-content\/uploads\/2021\/03\/156388549_1026617141195595_2722739745751079653_n-300x169.jpg 300w, https:\/\/proni.hr\/old.proni.hr\/wp-content\/uploads\/2021\/03\/156388549_1026617141195595_2722739745751079653_n-768x432.jpg 768w\" sizes=\"(max-width: 960px) 100vw, 960px\" \/><\/figure>\n\n\n\n<figure class=\"wp-block-image size-large\"><img loading=\"lazy\" decoding=\"async\" width=\"960\" height=\"540\" src=\"https:\/\/proni.hr\/old.proni.hr\/wp-content\/uploads\/2021\/03\/156202238_2950928785152376_6939967890854095523_n.jpg\" alt=\"\" class=\"wp-image-6226\" srcset=\"https:\/\/proni.hr\/old.proni.hr\/wp-content\/uploads\/2021\/03\/156202238_2950928785152376_6939967890854095523_n.jpg 960w, https:\/\/proni.hr\/old.proni.hr\/wp-content\/uploads\/2021\/03\/156202238_2950928785152376_6939967890854095523_n-300x169.jpg 300w, https:\/\/proni.hr\/old.proni.hr\/wp-content\/uploads\/2021\/03\/156202238_2950928785152376_6939967890854095523_n-768x432.jpg 768w\" sizes=\"(max-width: 960px) 100vw, 960px\" \/><\/figure>\n\n\n\n<p>Projekt Ku\u017eim te! &nbsp;Provodi <a href=\"https:\/\/proni.hr\/old.proni.hr\/\"> PRONI Centar za socijalno podu\u010davanje<\/a>  u partnerstvu sa \u0160kolom primjenjene umjetnosti i dizajna Osijek, a projekt je financiran sredstvima Ministarstva rada, mirovinskoga sustava, obitelji i socijalne politike.<\/p>\n","protected":false},"excerpt":{"rendered":"<p>Izlo\u017eba \u201eKU\u017dIM TE!\u201c nastala je u okviru projekta \u201eKu\u017eim te\u201c s ciljem podr\u0161ke mladima za pozitavan razvoj&nbsp;i o\u010duvanje mentalnoga zdravlja. Izlo\u017eba je namijenjena u\u010denicima srednjih \u0161kola u Osje\u010dko-baranjskoj \u017eupaniji, kako bi osvijestili va\u017enost sudjelovanja u vr\u0161nja\u010dkoj prevenciji daljnjih rizi\u010dnih pona\u0161anja, promovirali o\u010duvanje mentalnog zdravlja svojih vr\u0161njaka i unaprijedili osobne mogu\u0107nosti i potencijale, ali i bili [&hellip;]<\/p>\n","protected":false},"author":5,"featured_media":6223,"comment_status":"closed","ping_status":"open","sticky":false,"template":"","format":"standard","meta":{"footnotes":""},"categories":[4],"tags":[],"_links":{"self":[{"href":"https:\/\/proni.hr\/old.proni.hr\/wp-json\/wp\/v2\/posts\/6222"}],"collection":[{"href":"https:\/\/proni.hr\/old.proni.hr\/wp-json\/wp\/v2\/posts"}],"about":[{"href":"https:\/\/proni.hr\/old.proni.hr\/wp-json\/wp\/v2\/types\/post"}],"author":[{"embeddable":true,"href":"https:\/\/proni.hr\/old.proni.hr\/wp-json\/wp\/v2\/users\/5"}],"replies":[{"embeddable":true,"href":"https:\/\/proni.hr\/old.proni.hr\/wp-json\/wp\/v2\/comments?post=6222"}],"version-history":[{"count":2,"href":"https:\/\/proni.hr\/old.proni.hr\/wp-json\/wp\/v2\/posts\/6222\/revisions"}],"predecessor-version":[{"id":6228,"href":"https:\/\/proni.hr\/old.proni.hr\/wp-json\/wp\/v2\/posts\/6222\/revisions\/6228"}],"wp:featuredmedia":[{"embeddable":true,"href":"https:\/\/proni.hr\/old.proni.hr\/wp-json\/wp\/v2\/media\/6223"}],"wp:attachment":[{"href":"https:\/\/proni.hr\/old.proni.hr\/wp-json\/wp\/v2\/media?parent=6222"}],"wp:term":[{"taxonomy":"category","embeddable":true,"href":"https:\/\/proni.hr\/old.proni.hr\/wp-json\/wp\/v2\/categories?post=6222"},{"taxonomy":"post_tag","embeddable":true,"href":"https:\/\/proni.hr\/old.proni.hr\/wp-json\/wp\/v2\/tags?post=6222"}],"curies":[{"name":"wp","href":"https:\/\/api.w.org\/{rel}","templated":true}]}}