{"id":6290,"date":"2021-04-19T09:00:48","date_gmt":"2021-04-19T09:00:48","guid":{"rendered":"http:\/\/proni.hr\/?p=6290"},"modified":"2021-04-19T12:33:18","modified_gmt":"2021-04-19T12:33:18","slug":"odrzan-sastanak-savjetodavnog-odbora-icm-a-vukovar","status":"publish","type":"post","link":"https:\/\/proni.hr\/old.proni.hr\/odrzan-sastanak-savjetodavnog-odbora-icm-a-vukovar\/","title":{"rendered":"Odr\u017ean sastanak Savjetodavnog odbora ICM-a Vukovar"},"content":{"rendered":"\n<p>Povodom Europskog dana informiranja mladih, dana 16.travnja 2021. u prostorijama Info centra za mlade Vukovar odr\u017ean je sastanak Savjetodavnog odbora ICM-a Vukovar s ciljem razmjene informacija.<\/p>\n\n\n\n<p>\u010clanovi Odbora su iznijeli novine u podru\u010dju zapo\u0161ljavanja, obrazovanja i usavr\u0161avanja te prevencije. Razgovarali su o budu\u0107im aktivnostima za mlade te o me\u0111usobnoj potpori u provedbi istih, posebno o provedbi 12. Dana informiranja mladih Vukovar &#8211; VuMi.<\/p>\n\n\n\n<figure class=\"wp-block-gallery columns-2 is-cropped wp-block-gallery-1 is-layout-flex wp-block-gallery-is-layout-flex\"><ul class=\"blocks-gallery-grid\"><li class=\"blocks-gallery-item\"><figure><img loading=\"lazy\" decoding=\"async\" width=\"1024\" height=\"768\" src=\"https:\/\/proni.hr\/old.proni.hr\/wp-content\/uploads\/2021\/04\/175145003_1361575680892771_2371487178115747982_n-1024x768.jpg\" alt=\"\" data-id=\"6293\" data-full-url=\"https:\/\/proni.hr\/old.proni.hr\/wp-content\/uploads\/2021\/04\/175145003_1361575680892771_2371487178115747982_n.jpg\" data-link=\"https:\/\/proni.hr\/old.proni.hr\/?attachment_id=6293\" class=\"wp-image-6293\" srcset=\"https:\/\/proni.hr\/old.proni.hr\/wp-content\/uploads\/2021\/04\/175145003_1361575680892771_2371487178115747982_n-1024x768.jpg 1024w, https:\/\/proni.hr\/old.proni.hr\/wp-content\/uploads\/2021\/04\/175145003_1361575680892771_2371487178115747982_n-300x225.jpg 300w, https:\/\/proni.hr\/old.proni.hr\/wp-content\/uploads\/2021\/04\/175145003_1361575680892771_2371487178115747982_n-768x576.jpg 768w, https:\/\/proni.hr\/old.proni.hr\/wp-content\/uploads\/2021\/04\/175145003_1361575680892771_2371487178115747982_n-1536x1152.jpg 1536w, https:\/\/proni.hr\/old.proni.hr\/wp-content\/uploads\/2021\/04\/175145003_1361575680892771_2371487178115747982_n.jpg 2048w\" sizes=\"(max-width: 1024px) 100vw, 1024px\" \/><\/figure><\/li><li class=\"blocks-gallery-item\"><figure><img loading=\"lazy\" decoding=\"async\" width=\"1024\" height=\"768\" src=\"https:\/\/proni.hr\/old.proni.hr\/wp-content\/uploads\/2021\/04\/175070927_220424793214287_8604893072799635337_n-1024x768.jpg\" alt=\"\" data-id=\"6292\" data-full-url=\"https:\/\/proni.hr\/old.proni.hr\/wp-content\/uploads\/2021\/04\/175070927_220424793214287_8604893072799635337_n.jpg\" data-link=\"https:\/\/proni.hr\/old.proni.hr\/?attachment_id=6292\" class=\"wp-image-6292\" srcset=\"https:\/\/proni.hr\/old.proni.hr\/wp-content\/uploads\/2021\/04\/175070927_220424793214287_8604893072799635337_n-1024x768.jpg 1024w, https:\/\/proni.hr\/old.proni.hr\/wp-content\/uploads\/2021\/04\/175070927_220424793214287_8604893072799635337_n-300x225.jpg 300w, https:\/\/proni.hr\/old.proni.hr\/wp-content\/uploads\/2021\/04\/175070927_220424793214287_8604893072799635337_n-768x576.jpg 768w, https:\/\/proni.hr\/old.proni.hr\/wp-content\/uploads\/2021\/04\/175070927_220424793214287_8604893072799635337_n-1536x1152.jpg 1536w, https:\/\/proni.hr\/old.proni.hr\/wp-content\/uploads\/2021\/04\/175070927_220424793214287_8604893072799635337_n.jpg 2048w\" sizes=\"(max-width: 1024px) 100vw, 1024px\" \/><\/figure><\/li><\/ul><\/figure>\n\n\n\n<p>\u010clanovi Savjetodavnog odbora Vukovar su: MUP RH Policijska postaja Vukovar \u2013 Policija u zajednici; Hrvatski zavod za zapo\u0161ljavanje PU Vukovar; Grad Vukovar; Europski dom Vukovar i PRONI Centar.<\/p>\n","protected":false},"excerpt":{"rendered":"<p>Povodom Europskog dana informiranja mladih, dana 16.travnja 2021. u prostorijama Info centra za mlade Vukovar odr\u017ean je sastanak Savjetodavnog odbora ICM-a Vukovar s ciljem razmjene informacija. \u010clanovi Odbora su iznijeli novine u podru\u010dju zapo\u0161ljavanja, obrazovanja i usavr\u0161avanja te prevencije. Razgovarali su o budu\u0107im aktivnostima za mlade te o me\u0111usobnoj potpori u provedbi istih, posebno o [&hellip;]<\/p>\n","protected":false},"author":4,"featured_media":6291,"comment_status":"closed","ping_status":"open","sticky":false,"template":"","format":"standard","meta":{"footnotes":""},"categories":[4],"tags":[],"_links":{"self":[{"href":"https:\/\/proni.hr\/old.proni.hr\/wp-json\/wp\/v2\/posts\/6290"}],"collection":[{"href":"https:\/\/proni.hr\/old.proni.hr\/wp-json\/wp\/v2\/posts"}],"about":[{"href":"https:\/\/proni.hr\/old.proni.hr\/wp-json\/wp\/v2\/types\/post"}],"author":[{"embeddable":true,"href":"https:\/\/proni.hr\/old.proni.hr\/wp-json\/wp\/v2\/users\/4"}],"replies":[{"embeddable":true,"href":"https:\/\/proni.hr\/old.proni.hr\/wp-json\/wp\/v2\/comments?post=6290"}],"version-history":[{"count":6,"href":"https:\/\/proni.hr\/old.proni.hr\/wp-json\/wp\/v2\/posts\/6290\/revisions"}],"predecessor-version":[{"id":6305,"href":"https:\/\/proni.hr\/old.proni.hr\/wp-json\/wp\/v2\/posts\/6290\/revisions\/6305"}],"wp:featuredmedia":[{"embeddable":true,"href":"https:\/\/proni.hr\/old.proni.hr\/wp-json\/wp\/v2\/media\/6291"}],"wp:attachment":[{"href":"https:\/\/proni.hr\/old.proni.hr\/wp-json\/wp\/v2\/media?parent=6290"}],"wp:term":[{"taxonomy":"category","embeddable":true,"href":"https:\/\/proni.hr\/old.proni.hr\/wp-json\/wp\/v2\/categories?post=6290"},{"taxonomy":"post_tag","embeddable":true,"href":"https:\/\/proni.hr\/old.proni.hr\/wp-json\/wp\/v2\/tags?post=6290"}],"curies":[{"name":"wp","href":"https:\/\/api.w.org\/{rel}","templated":true}]}}