{"id":6310,"date":"2021-03-16T11:00:00","date_gmt":"2021-03-16T11:00:00","guid":{"rendered":"http:\/\/proni.hr\/?p=6310"},"modified":"2021-04-28T11:01:51","modified_gmt":"2021-04-28T11:01:51","slug":"volonteri-promovirali-europske-snage-solidarnosti","status":"publish","type":"post","link":"https:\/\/proni.hr\/old.proni.hr\/volonteri-promovirali-europske-snage-solidarnosti\/","title":{"rendered":"Volonteri promovirali Europske snage solidarnosti"},"content":{"rendered":"\n<p>U ponedjeljak, 15. o\u017eujka u Srednjoj \u0161koli Valpovo odr\u017eana je promocija programa Europske snage solidarnosti. Program su iz svog osobnog iskustva promovirali strani volonteri <strong>Maha Boutiyeb iz Barcelone<\/strong>, porijeklom iz Maroka i <strong>Alvaro Criales &nbsp;Gonzalez iz Santo Domingo de la Calzade, koji su dio projekta PRONI Centra za socijalno podu\u010davanje &#8211; Zemlja i mi.<\/strong><\/p>\n\n\n\n<p>Oni su se pridru\u017eili u\u010denicima na zajedni\u010dkom satu geografije i engleskog jezika, a predstavili su im v<strong>lastito iskustvo sudjelovanja u programu Europske snage solidarnosti (na projektu volontiranja),<\/strong> od prve informacije o pozivu i projektu na kojemu bi trebali sudjelovati, preko pripreme za intervju i samog intervjua do dolaska u na\u0161u zajednicu i upoznavanja sa organizacijom i sa Hrvatskom.<\/p>\n\n\n\n<p>U\u010denici su na najbolji na\u010din, \u0161to se pokazalo nebrojeno puta, <strong>iz osobnog iskustva svojih vr\u0161njaka, saznali vi\u0161e o programu i svim mogu\u0107nostima koje im se nude te su na taj na\u010din iz osobnog iskustva na\u0161ih volontera saznali o njihovoj motivaciji, izazovima s kojima su se susreli te kona\u010dno o njihovom iskustvu volontiranja na projektnim aktivnostima.\u00a0<\/strong><\/p>\n\n\n\n<p>Pored toga bio je to i neformalan i\u00a0 interaktivan susret kultura pri \u010demu su i gosti i doma\u0107ini saznali <strong>vrijedne informacije o gastronomiji, nogometu i ostalim zanimljivostima triju zemalja.<\/strong> U srda\u010dnoj atmosferi u\u010denici i njihov razrednik Boris \u0160imi\u0107 otvorili su mogu\u0107nost novih susreta jer \u0107e gosti u Slavoniji boraviti jo\u0161 neko vrijeme. S rado\u0161\u0107u su prihvatili poziv da sudjeluju u projektima i aktivnostima kroz koje \u0107e se jo\u0161 vi\u0161e upoznati i sprijateljiti.<\/p>\n\n\n\n<p>Vjerujemo da \u0107e u\u010denicima ova pri\u010da biti dodatni podstrek da i sami razmi\u0161ljaju o odluci da jedno vrijeme svog mladena\u010dkog \u017eivota provedu u inozemstvu, steknu dragocjeno i osobno i profesionalno iskustvo i na taj na\u010din iskoriste mogu\u0107nost za mobilnost mladih (u sklopu programa Erasmus+ i Europske snage solidarnosti) na najbolji mogu\u0107i na\u010din.<\/p>\n\n\n\n<p>Ova aktivnost dio je aktivnosti Regionalnog info-centra za mlade Osijek kao EURODESK multiplikatora.<\/p>\n\n\n\n<p><\/p>\n\n\n\n<figure class=\"wp-block-gallery columns-3 is-cropped wp-block-gallery-1 is-layout-flex wp-block-gallery-is-layout-flex\"><ul class=\"blocks-gallery-grid\"><li class=\"blocks-gallery-item\"><figure><img loading=\"lazy\" decoding=\"async\" width=\"1024\" height=\"768\" src=\"https:\/\/proni.hr\/old.proni.hr\/wp-content\/uploads\/2021\/04\/Valpovo-Volonteri-1.jpg\" alt=\"\" data-id=\"6312\" data-full-url=\"https:\/\/proni.hr\/old.proni.hr\/wp-content\/uploads\/2021\/04\/Valpovo-Volonteri-1.jpg\" data-link=\"https:\/\/proni.hr\/old.proni.hr\/?attachment_id=6312\" class=\"wp-image-6312\" srcset=\"https:\/\/proni.hr\/old.proni.hr\/wp-content\/uploads\/2021\/04\/Valpovo-Volonteri-1.jpg 1024w, https:\/\/proni.hr\/old.proni.hr\/wp-content\/uploads\/2021\/04\/Valpovo-Volonteri-1-300x225.jpg 300w, https:\/\/proni.hr\/old.proni.hr\/wp-content\/uploads\/2021\/04\/Valpovo-Volonteri-1-768x576.jpg 768w\" sizes=\"(max-width: 1024px) 100vw, 1024px\" \/><\/figure><\/li><li class=\"blocks-gallery-item\"><figure><img loading=\"lazy\" decoding=\"async\" width=\"768\" height=\"1024\" src=\"https:\/\/proni.hr\/old.proni.hr\/wp-content\/uploads\/2021\/04\/Valpovo-Volonteri-2.jpg\" alt=\"\" data-id=\"6313\" data-full-url=\"https:\/\/proni.hr\/old.proni.hr\/wp-content\/uploads\/2021\/04\/Valpovo-Volonteri-2.jpg\" data-link=\"https:\/\/proni.hr\/old.proni.hr\/?attachment_id=6313\" class=\"wp-image-6313\" srcset=\"https:\/\/proni.hr\/old.proni.hr\/wp-content\/uploads\/2021\/04\/Valpovo-Volonteri-2.jpg 768w, https:\/\/proni.hr\/old.proni.hr\/wp-content\/uploads\/2021\/04\/Valpovo-Volonteri-2-225x300.jpg 225w\" sizes=\"(max-width: 768px) 100vw, 768px\" \/><\/figure><\/li><li class=\"blocks-gallery-item\"><figure><img loading=\"lazy\" decoding=\"async\" width=\"1024\" height=\"768\" src=\"https:\/\/proni.hr\/old.proni.hr\/wp-content\/uploads\/2021\/04\/Valpovo-Volonteri-3.jpg\" alt=\"\" data-id=\"6314\" data-full-url=\"https:\/\/proni.hr\/old.proni.hr\/wp-content\/uploads\/2021\/04\/Valpovo-Volonteri-3.jpg\" data-link=\"https:\/\/proni.hr\/old.proni.hr\/?attachment_id=6314\" class=\"wp-image-6314\" srcset=\"https:\/\/proni.hr\/old.proni.hr\/wp-content\/uploads\/2021\/04\/Valpovo-Volonteri-3.jpg 1024w, https:\/\/proni.hr\/old.proni.hr\/wp-content\/uploads\/2021\/04\/Valpovo-Volonteri-3-300x225.jpg 300w, https:\/\/proni.hr\/old.proni.hr\/wp-content\/uploads\/2021\/04\/Valpovo-Volonteri-3-768x576.jpg 768w\" sizes=\"(max-width: 1024px) 100vw, 1024px\" \/><\/figure><\/li><li class=\"blocks-gallery-item\"><figure><img loading=\"lazy\" decoding=\"async\" width=\"652\" height=\"432\" src=\"https:\/\/proni.hr\/old.proni.hr\/wp-content\/uploads\/2021\/04\/Valpovo-Volonteri-4.jpg\" alt=\"\" data-id=\"6315\" data-full-url=\"https:\/\/proni.hr\/old.proni.hr\/wp-content\/uploads\/2021\/04\/Valpovo-Volonteri-4.jpg\" data-link=\"https:\/\/proni.hr\/old.proni.hr\/?attachment_id=6315\" class=\"wp-image-6315\" srcset=\"https:\/\/proni.hr\/old.proni.hr\/wp-content\/uploads\/2021\/04\/Valpovo-Volonteri-4.jpg 652w, https:\/\/proni.hr\/old.proni.hr\/wp-content\/uploads\/2021\/04\/Valpovo-Volonteri-4-300x199.jpg 300w\" sizes=\"(max-width: 652px) 100vw, 652px\" \/><\/figure><\/li><li class=\"blocks-gallery-item\"><figure><img loading=\"lazy\" decoding=\"async\" width=\"768\" height=\"1024\" src=\"https:\/\/proni.hr\/old.proni.hr\/wp-content\/uploads\/2021\/04\/Valpovo-Volonteri-5.jpg\" alt=\"\" data-id=\"6316\" data-full-url=\"https:\/\/proni.hr\/old.proni.hr\/wp-content\/uploads\/2021\/04\/Valpovo-Volonteri-5.jpg\" data-link=\"https:\/\/proni.hr\/old.proni.hr\/?attachment_id=6316\" class=\"wp-image-6316\" srcset=\"https:\/\/proni.hr\/old.proni.hr\/wp-content\/uploads\/2021\/04\/Valpovo-Volonteri-5.jpg 768w, https:\/\/proni.hr\/old.proni.hr\/wp-content\/uploads\/2021\/04\/Valpovo-Volonteri-5-225x300.jpg 225w\" sizes=\"(max-width: 768px) 100vw, 768px\" \/><\/figure><\/li><\/ul><\/figure>\n","protected":false},"excerpt":{"rendered":"<p>U ponedjeljak, 15. o\u017eujka u Srednjoj \u0161koli Valpovo odr\u017eana je promocija programa Europske snage solidarnosti. Program su iz svog osobnog iskustva promovirali strani volonteri Maha Boutiyeb iz Barcelone, porijeklom iz Maroka i Alvaro Criales &nbsp;Gonzalez iz Santo Domingo de la Calzade, koji su dio projekta PRONI Centra za socijalno podu\u010davanje &#8211; Zemlja i mi. Oni [&hellip;]<\/p>\n","protected":false},"author":5,"featured_media":6311,"comment_status":"closed","ping_status":"open","sticky":false,"template":"","format":"standard","meta":{"footnotes":""},"categories":[4],"tags":[],"_links":{"self":[{"href":"https:\/\/proni.hr\/old.proni.hr\/wp-json\/wp\/v2\/posts\/6310"}],"collection":[{"href":"https:\/\/proni.hr\/old.proni.hr\/wp-json\/wp\/v2\/posts"}],"about":[{"href":"https:\/\/proni.hr\/old.proni.hr\/wp-json\/wp\/v2\/types\/post"}],"author":[{"embeddable":true,"href":"https:\/\/proni.hr\/old.proni.hr\/wp-json\/wp\/v2\/users\/5"}],"replies":[{"embeddable":true,"href":"https:\/\/proni.hr\/old.proni.hr\/wp-json\/wp\/v2\/comments?post=6310"}],"version-history":[{"count":1,"href":"https:\/\/proni.hr\/old.proni.hr\/wp-json\/wp\/v2\/posts\/6310\/revisions"}],"predecessor-version":[{"id":6317,"href":"https:\/\/proni.hr\/old.proni.hr\/wp-json\/wp\/v2\/posts\/6310\/revisions\/6317"}],"wp:featuredmedia":[{"embeddable":true,"href":"https:\/\/proni.hr\/old.proni.hr\/wp-json\/wp\/v2\/media\/6311"}],"wp:attachment":[{"href":"https:\/\/proni.hr\/old.proni.hr\/wp-json\/wp\/v2\/media?parent=6310"}],"wp:term":[{"taxonomy":"category","embeddable":true,"href":"https:\/\/proni.hr\/old.proni.hr\/wp-json\/wp\/v2\/categories?post=6310"},{"taxonomy":"post_tag","embeddable":true,"href":"https:\/\/proni.hr\/old.proni.hr\/wp-json\/wp\/v2\/tags?post=6310"}],"curies":[{"name":"wp","href":"https:\/\/api.w.org\/{rel}","templated":true}]}}