{"id":6651,"date":"2021-11-29T12:52:14","date_gmt":"2021-11-29T12:52:14","guid":{"rendered":"http:\/\/proni.hr\/?p=6651"},"modified":"2021-11-29T12:52:15","modified_gmt":"2021-11-29T12:52:15","slug":"prevenko-u-mjesecu-borbe-protiv-ovisnosti-2","status":"publish","type":"post","link":"https:\/\/proni.hr\/old.proni.hr\/prevenko-u-mjesecu-borbe-protiv-ovisnosti-2\/","title":{"rendered":"Prevenko u Mjesecu borbe protiv ovisnosti"},"content":{"rendered":"\n<p><\/p>\n\n\n\n<p>U okviru informativne kampanje<a rel=\"noreferrer noopener\" href=\"https:\/\/proni.hr\/old.proni.hr\/portfolio-items\/prevenko\/?portfolioID=1284\" target=\"_blank\">\u00a0\u201cPrevenko\u201d<\/a>\u00a0te u sklopu obilje\u017eavanja Mjeseca borbe protiv ovisnosti, PRONI Centar je postavio info to\u010dke u srednjim \u0161kolama na podru\u010dju grada Vukovara \u010diji sadr\u017eaj je kreiran u suradnji s PU vukovarsko-srijemskom. <\/p>\n\n\n\n<p>Cilj ove aktivnosti je ja\u010danje svijesti o va\u017enosti pravovremenog suzbijanja i sprje\u010davanja pojave ovisnosti i nasilja me\u0111u djecom i mladima.<\/p>\n","protected":false},"excerpt":{"rendered":"<p>U okviru informativne kampanje\u00a0\u201cPrevenko\u201d\u00a0te u sklopu obilje\u017eavanja Mjeseca borbe protiv ovisnosti, PRONI Centar je postavio info to\u010dke u srednjim \u0161kolama na podru\u010dju grada Vukovara \u010diji sadr\u017eaj je kreiran u suradnji s PU vukovarsko-srijemskom. Cilj ove aktivnosti je ja\u010danje svijesti o va\u017enosti pravovremenog suzbijanja i sprje\u010davanja pojave ovisnosti i nasilja me\u0111u djecom i mladima.<\/p>\n","protected":false},"author":4,"featured_media":6652,"comment_status":"closed","ping_status":"open","sticky":false,"template":"","format":"standard","meta":{"footnotes":""},"categories":[4],"tags":[],"_links":{"self":[{"href":"https:\/\/proni.hr\/old.proni.hr\/wp-json\/wp\/v2\/posts\/6651"}],"collection":[{"href":"https:\/\/proni.hr\/old.proni.hr\/wp-json\/wp\/v2\/posts"}],"about":[{"href":"https:\/\/proni.hr\/old.proni.hr\/wp-json\/wp\/v2\/types\/post"}],"author":[{"embeddable":true,"href":"https:\/\/proni.hr\/old.proni.hr\/wp-json\/wp\/v2\/users\/4"}],"replies":[{"embeddable":true,"href":"https:\/\/proni.hr\/old.proni.hr\/wp-json\/wp\/v2\/comments?post=6651"}],"version-history":[{"count":3,"href":"https:\/\/proni.hr\/old.proni.hr\/wp-json\/wp\/v2\/posts\/6651\/revisions"}],"predecessor-version":[{"id":6656,"href":"https:\/\/proni.hr\/old.proni.hr\/wp-json\/wp\/v2\/posts\/6651\/revisions\/6656"}],"wp:featuredmedia":[{"embeddable":true,"href":"https:\/\/proni.hr\/old.proni.hr\/wp-json\/wp\/v2\/media\/6652"}],"wp:attachment":[{"href":"https:\/\/proni.hr\/old.proni.hr\/wp-json\/wp\/v2\/media?parent=6651"}],"wp:term":[{"taxonomy":"category","embeddable":true,"href":"https:\/\/proni.hr\/old.proni.hr\/wp-json\/wp\/v2\/categories?post=6651"},{"taxonomy":"post_tag","embeddable":true,"href":"https:\/\/proni.hr\/old.proni.hr\/wp-json\/wp\/v2\/tags?post=6651"}],"curies":[{"name":"wp","href":"https:\/\/api.w.org\/{rel}","templated":true}]}}