{"id":6994,"date":"2022-03-14T09:04:36","date_gmt":"2022-03-14T09:04:36","guid":{"rendered":"https:\/\/proni.hr\/old.proni.hr\/?p=6994"},"modified":"2022-03-14T11:59:41","modified_gmt":"2022-03-14T11:59:41","slug":"edukacijom-do-ucinkovite-prevencije-3","status":"publish","type":"post","link":"https:\/\/proni.hr\/old.proni.hr\/edukacijom-do-ucinkovite-prevencije-3\/","title":{"rendered":"Edukacijom do u\u010dinkovite prevencije ovisnosti"},"content":{"rendered":"\n<p>U sklopu programa <a rel=\"noreferrer noopener\" href=\"https:\/\/proni.hr\/old.proni.hr\/portfolio-items\/prevenko\/?portfolioID=1284\" data-type=\"URL\" data-id=\"https:\/\/proni.hr\/old.proni.hr\/portfolio-items\/prevenko\/?portfolioID=1284\" target=\"_blank\">Prevenko<\/a> odr\u017ean je seminar pod nazivom \u201cEdukacijom do u\u010dinkovite prevencije ovisnosti\u201d, namijenjen \u0161kolskom osoblju partnerskih \u0161kola koje sudjeluju u programu&nbsp;\u2013 O\u0160 Mitnica, O\u0160 Nikole Tesle Mirkovci i O\u0160 Negoslavci.<\/p>\n\n\n\n<p>Cilj ove aktivnosti jeste osna\u017eiti i osposobiti \u0161kolske djelatnike za provedbu programa prevencije te izradu i pripremu preventivnih aktivnosti namijenjenih u\u010denicima. <\/p>\n\n\n\n<p>Seminar je odr\u017ean u Gradskoj knji\u017enici Vukovar, 11. o\u017eujka, a proveli su ga djelatnici Policijske uprave Vukovarsko-srijemske, Udruge za borbu protiv ovisnosti \u201cNE\u2013ovisnost\u201d iz Osijeka i PRONI Centra za socijalno podu\u010davanje, te stru\u010dni suradnik Dubravko \u0160ok\u010devi\u0107, socijalni pedagog iz Osijeka.<\/p>\n\n\n\n<p>Na seminaru se razgovaralo i o nastavku programskih aktivnosti koje \u0107e biti usmjerene radu s u\u010denicima i roditeljima, te provedbi vr\u0161nja\u010dkih kampanja u \u0161kolama kao i zavr\u0161noj konferenciji u okviru obilje\u017eavanja Mjeseca borbe protiv ovisnosti.<\/p>\n\n\n\n<figure class=\"wp-block-gallery columns-2 is-cropped wp-block-gallery-1 is-layout-flex wp-block-gallery-is-layout-flex\"><ul class=\"blocks-gallery-grid\"><li class=\"blocks-gallery-item\"><figure><a href=\"https:\/\/proni.hr\/old.proni.hr\/wp-content\/uploads\/2022\/03\/IMG-1243-1-scaled.jpg\"><img loading=\"lazy\" decoding=\"async\" width=\"1024\" height=\"768\" src=\"https:\/\/proni.hr\/old.proni.hr\/wp-content\/uploads\/2022\/03\/IMG-1243-1-1024x768.jpg\" alt=\"\" data-id=\"7000\" data-full-url=\"https:\/\/proni.hr\/old.proni.hr\/wp-content\/uploads\/2022\/03\/IMG-1243-1-scaled.jpg\" data-link=\"https:\/\/proni.hr\/old.proni.hr\/edukacijom-do-ucinkovite-prevencije-3\/img-1243-2\/\" class=\"wp-image-7000\" srcset=\"https:\/\/proni.hr\/old.proni.hr\/wp-content\/uploads\/2022\/03\/IMG-1243-1-1024x768.jpg 1024w, https:\/\/proni.hr\/old.proni.hr\/wp-content\/uploads\/2022\/03\/IMG-1243-1-300x225.jpg 300w, https:\/\/proni.hr\/old.proni.hr\/wp-content\/uploads\/2022\/03\/IMG-1243-1-768x576.jpg 768w, https:\/\/proni.hr\/old.proni.hr\/wp-content\/uploads\/2022\/03\/IMG-1243-1-1536x1152.jpg 1536w, https:\/\/proni.hr\/old.proni.hr\/wp-content\/uploads\/2022\/03\/IMG-1243-1-2048x1536.jpg 2048w\" sizes=\"(max-width: 1024px) 100vw, 1024px\" \/><\/a><\/figure><\/li><li class=\"blocks-gallery-item\"><figure><a href=\"https:\/\/proni.hr\/old.proni.hr\/wp-content\/uploads\/2022\/03\/IMG-1244-scaled.jpg\"><img loading=\"lazy\" decoding=\"async\" width=\"1024\" height=\"768\" src=\"https:\/\/proni.hr\/old.proni.hr\/wp-content\/uploads\/2022\/03\/IMG-1244-1024x768.jpg\" alt=\"\" data-id=\"6996\" data-full-url=\"https:\/\/proni.hr\/old.proni.hr\/wp-content\/uploads\/2022\/03\/IMG-1244-scaled.jpg\" data-link=\"https:\/\/proni.hr\/old.proni.hr\/edukacijom-do-ucinkovite-prevencije-3\/img-1244\/\" class=\"wp-image-6996\" srcset=\"https:\/\/proni.hr\/old.proni.hr\/wp-content\/uploads\/2022\/03\/IMG-1244-1024x768.jpg 1024w, https:\/\/proni.hr\/old.proni.hr\/wp-content\/uploads\/2022\/03\/IMG-1244-300x225.jpg 300w, https:\/\/proni.hr\/old.proni.hr\/wp-content\/uploads\/2022\/03\/IMG-1244-768x576.jpg 768w, https:\/\/proni.hr\/old.proni.hr\/wp-content\/uploads\/2022\/03\/IMG-1244-1536x1152.jpg 1536w, https:\/\/proni.hr\/old.proni.hr\/wp-content\/uploads\/2022\/03\/IMG-1244-2048x1536.jpg 2048w\" sizes=\"(max-width: 1024px) 100vw, 1024px\" \/><\/a><\/figure><\/li><\/ul><\/figure>\n","protected":false},"excerpt":{"rendered":"<p>U sklopu programa Prevenko odr\u017ean je seminar pod nazivom \u201cEdukacijom do u\u010dinkovite prevencije ovisnosti\u201d, namijenjen \u0161kolskom osoblju partnerskih \u0161kola koje sudjeluju u programu&nbsp;\u2013 O\u0160 Mitnica, O\u0160 Nikole Tesle Mirkovci i O\u0160 Negoslavci. Cilj ove aktivnosti jeste osna\u017eiti i osposobiti \u0161kolske djelatnike za provedbu programa prevencije te izradu i pripremu preventivnih aktivnosti namijenjenih u\u010denicima. Seminar je [&hellip;]<\/p>\n","protected":false},"author":4,"featured_media":6999,"comment_status":"closed","ping_status":"open","sticky":false,"template":"","format":"standard","meta":{"footnotes":""},"categories":[4],"tags":[],"_links":{"self":[{"href":"https:\/\/proni.hr\/old.proni.hr\/wp-json\/wp\/v2\/posts\/6994"}],"collection":[{"href":"https:\/\/proni.hr\/old.proni.hr\/wp-json\/wp\/v2\/posts"}],"about":[{"href":"https:\/\/proni.hr\/old.proni.hr\/wp-json\/wp\/v2\/types\/post"}],"author":[{"embeddable":true,"href":"https:\/\/proni.hr\/old.proni.hr\/wp-json\/wp\/v2\/users\/4"}],"replies":[{"embeddable":true,"href":"https:\/\/proni.hr\/old.proni.hr\/wp-json\/wp\/v2\/comments?post=6994"}],"version-history":[{"count":7,"href":"https:\/\/proni.hr\/old.proni.hr\/wp-json\/wp\/v2\/posts\/6994\/revisions"}],"predecessor-version":[{"id":7020,"href":"https:\/\/proni.hr\/old.proni.hr\/wp-json\/wp\/v2\/posts\/6994\/revisions\/7020"}],"wp:featuredmedia":[{"embeddable":true,"href":"https:\/\/proni.hr\/old.proni.hr\/wp-json\/wp\/v2\/media\/6999"}],"wp:attachment":[{"href":"https:\/\/proni.hr\/old.proni.hr\/wp-json\/wp\/v2\/media?parent=6994"}],"wp:term":[{"taxonomy":"category","embeddable":true,"href":"https:\/\/proni.hr\/old.proni.hr\/wp-json\/wp\/v2\/categories?post=6994"},{"taxonomy":"post_tag","embeddable":true,"href":"https:\/\/proni.hr\/old.proni.hr\/wp-json\/wp\/v2\/tags?post=6994"}],"curies":[{"name":"wp","href":"https:\/\/api.w.org\/{rel}","templated":true}]}}