{"id":8035,"date":"2022-10-07T11:08:38","date_gmt":"2022-10-07T11:08:38","guid":{"rendered":"https:\/\/proni.hr\/old.proni.hr\/?p=8035"},"modified":"2023-02-08T13:14:02","modified_gmt":"2023-02-08T13:14:02","slug":"odrzana-pocetna-konferencija-projekta-potkovani-zdravim-navikama","status":"publish","type":"post","link":"https:\/\/proni.hr\/old.proni.hr\/odrzana-pocetna-konferencija-projekta-potkovani-zdravim-navikama\/","title":{"rendered":"Odr\u017eana po\u010detna konferencija projekta &#8220;Potkovani zdravim navikama&#8221;"},"content":{"rendered":"\n<p>U okviru projekta \u201c<a href=\"https:\/\/proni.hr\/old.proni.hr\/portfolio-items\/potkovani-zdravim-navikama\/\">Potkovani zdravim navikama<\/a>\u201d, UP.02.2.1.08.0040, \u010diji je nositelj Op\u0107ina Babina Greda, a PRONI Centar partner na provedbi, u \u010detvrtak 6. listopada u prostoru Op\u0107ine, odr\u017eana je po\u010detna konferencija s ciljem upoznavanja javnosti o projektu, njegovim ciljevima i rezultatima te planom provedbe. <\/p>\n\n\n\n<p>Ujedno, za partnere je ovo bila i prilika za planiranje aktivnosti koje \u0107e se provesti s mladima i drugim dionicima u zavr\u0161nom kvartalu ove godine, s posebnim naglaskom na odr\u017eavanje terenskih radionica u suradnji s konji\u010dkim klubom iz Vinkovaca te okruglog stola u Babinoj Gredi, a s ciljem doprino\u0161enja cilju projekta kojim se \u017eeli podi\u0107i svijest gra\u0111ana Babine Grede o brizi za vlastito zdravstveno stanje.<\/p>\n\n\n\n<div class=\"wp-block-image\"><figure class=\"aligncenter size-full\"><a href=\"https:\/\/proni.hr\/old.proni.hr\/wp-content\/uploads\/2022\/10\/OP-ULJP_ESF-logo-lenta-i-napis-300x115-2.png\"><img loading=\"lazy\" decoding=\"async\" width=\"300\" height=\"115\" src=\"https:\/\/proni.hr\/old.proni.hr\/wp-content\/uploads\/2022\/10\/OP-ULJP_ESF-logo-lenta-i-napis-300x115-2.png\" alt=\"\" class=\"wp-image-8083\"\/><\/a><\/figure><\/div>\n","protected":false},"excerpt":{"rendered":"<p>U okviru projekta \u201cPotkovani zdravim navikama\u201d, UP.02.2.1.08.0040, \u010diji je nositelj Op\u0107ina Babina Greda, a PRONI Centar partner na provedbi, u \u010detvrtak 6. listopada u prostoru Op\u0107ine, odr\u017eana je po\u010detna konferencija s ciljem upoznavanja javnosti o projektu, njegovim ciljevima i rezultatima te planom provedbe. Ujedno, za partnere je ovo bila i prilika za planiranje aktivnosti koje [&hellip;]<\/p>\n","protected":false},"author":4,"featured_media":8036,"comment_status":"closed","ping_status":"open","sticky":false,"template":"","format":"standard","meta":{"footnotes":""},"categories":[4],"tags":[],"_links":{"self":[{"href":"https:\/\/proni.hr\/old.proni.hr\/wp-json\/wp\/v2\/posts\/8035"}],"collection":[{"href":"https:\/\/proni.hr\/old.proni.hr\/wp-json\/wp\/v2\/posts"}],"about":[{"href":"https:\/\/proni.hr\/old.proni.hr\/wp-json\/wp\/v2\/types\/post"}],"author":[{"embeddable":true,"href":"https:\/\/proni.hr\/old.proni.hr\/wp-json\/wp\/v2\/users\/4"}],"replies":[{"embeddable":true,"href":"https:\/\/proni.hr\/old.proni.hr\/wp-json\/wp\/v2\/comments?post=8035"}],"version-history":[{"count":4,"href":"https:\/\/proni.hr\/old.proni.hr\/wp-json\/wp\/v2\/posts\/8035\/revisions"}],"predecessor-version":[{"id":8580,"href":"https:\/\/proni.hr\/old.proni.hr\/wp-json\/wp\/v2\/posts\/8035\/revisions\/8580"}],"wp:featuredmedia":[{"embeddable":true,"href":"https:\/\/proni.hr\/old.proni.hr\/wp-json\/wp\/v2\/media\/8036"}],"wp:attachment":[{"href":"https:\/\/proni.hr\/old.proni.hr\/wp-json\/wp\/v2\/media?parent=8035"}],"wp:term":[{"taxonomy":"category","embeddable":true,"href":"https:\/\/proni.hr\/old.proni.hr\/wp-json\/wp\/v2\/categories?post=8035"},{"taxonomy":"post_tag","embeddable":true,"href":"https:\/\/proni.hr\/old.proni.hr\/wp-json\/wp\/v2\/tags?post=8035"}],"curies":[{"name":"wp","href":"https:\/\/api.w.org\/{rel}","templated":true}]}}