{"id":8060,"date":"2022-10-12T09:34:49","date_gmt":"2022-10-12T09:34:49","guid":{"rendered":"https:\/\/proni.hr\/old.proni.hr\/?p=8060"},"modified":"2023-02-08T13:15:39","modified_gmt":"2023-02-08T13:15:39","slug":"partnerski-sastanak-opcine-stari-mikanovci-i-proni-centra","status":"publish","type":"post","link":"https:\/\/proni.hr\/old.proni.hr\/partnerski-sastanak-opcine-stari-mikanovci-i-proni-centra\/","title":{"rendered":"Partnerski sastanak Op\u0107ine Stari Mikanovci i PRONI Centra na provedbi projekta Reci &#8220;NE&#8221;"},"content":{"rendered":"\n<p>U svrhu podizanja svijesti gra\u0111ana Starih Mikanovaca o brizi za vlastito zdravstveno stanje koje \u0107e u kona\u010dnici dovesti do pobolj\u0161anja zdravstvenog statusa gra\u0111ana Hrvatske, u PRONI uredu u Vukovaru, u srijedu 12. listopada odr\u017ean je sastanak s predstavnicima Op\u0107ine Stari Mikanovci, koja je i nositelj projekta <a href=\"https:\/\/proni.hr\/old.proni.hr\/portfolio-items\/reci-ne\/?portfolioID=1284\">Reci &#8220;NE&#8221;<\/a>, UP.02.2.1.08.0112. <\/p>\n\n\n\n<p>Tijekom sastanka, djelatnici Op\u0107ine i PRONI Centra dogovorili su odr\u017eavanje po\u010detne konferencije u listopadu, a s ciljem upoznavanja \u0161ire javnosti o projektu, aktivnostima, ciljevima i o\u010dekivanim rezultatima te razradili plan akcije provedbe nadolaze\u0107ih aktivnosti s u\u010denicima i gra\u0111anima te op\u0107ine, s fokusom na obilje\u017eavanje Mjeseca borbe protiv ovisnosti tijekom studenog i prosinca, kroz organizaciju aktivnosti u okviru Dana otvorenih vrata. <\/p>\n\n\n\n<div class=\"wp-block-image\"><figure class=\"aligncenter size-full\"><a href=\"https:\/\/proni.hr\/old.proni.hr\/wp-content\/uploads\/2022\/10\/OP-ULJP_ESF-logo-lenta-i-napis-300x115-2.png\"><img loading=\"lazy\" decoding=\"async\" width=\"300\" height=\"115\" src=\"https:\/\/proni.hr\/old.proni.hr\/wp-content\/uploads\/2022\/10\/OP-ULJP_ESF-logo-lenta-i-napis-300x115-2.png\" alt=\"\" class=\"wp-image-8083\"\/><\/a><\/figure><\/div>\n","protected":false},"excerpt":{"rendered":"<p>U svrhu podizanja svijesti gra\u0111ana Starih Mikanovaca o brizi za vlastito zdravstveno stanje koje \u0107e u kona\u010dnici dovesti do pobolj\u0161anja zdravstvenog statusa gra\u0111ana Hrvatske, u PRONI uredu u Vukovaru, u srijedu 12. listopada odr\u017ean je sastanak s predstavnicima Op\u0107ine Stari Mikanovci, koja je i nositelj projekta Reci &#8220;NE&#8221;, UP.02.2.1.08.0112. Tijekom sastanka, djelatnici Op\u0107ine i PRONI [&hellip;]<\/p>\n","protected":false},"author":4,"featured_media":8068,"comment_status":"closed","ping_status":"open","sticky":false,"template":"","format":"standard","meta":{"footnotes":""},"categories":[4],"tags":[],"_links":{"self":[{"href":"https:\/\/proni.hr\/old.proni.hr\/wp-json\/wp\/v2\/posts\/8060"}],"collection":[{"href":"https:\/\/proni.hr\/old.proni.hr\/wp-json\/wp\/v2\/posts"}],"about":[{"href":"https:\/\/proni.hr\/old.proni.hr\/wp-json\/wp\/v2\/types\/post"}],"author":[{"embeddable":true,"href":"https:\/\/proni.hr\/old.proni.hr\/wp-json\/wp\/v2\/users\/4"}],"replies":[{"embeddable":true,"href":"https:\/\/proni.hr\/old.proni.hr\/wp-json\/wp\/v2\/comments?post=8060"}],"version-history":[{"count":4,"href":"https:\/\/proni.hr\/old.proni.hr\/wp-json\/wp\/v2\/posts\/8060\/revisions"}],"predecessor-version":[{"id":8581,"href":"https:\/\/proni.hr\/old.proni.hr\/wp-json\/wp\/v2\/posts\/8060\/revisions\/8581"}],"wp:featuredmedia":[{"embeddable":true,"href":"https:\/\/proni.hr\/old.proni.hr\/wp-json\/wp\/v2\/media\/8068"}],"wp:attachment":[{"href":"https:\/\/proni.hr\/old.proni.hr\/wp-json\/wp\/v2\/media?parent=8060"}],"wp:term":[{"taxonomy":"category","embeddable":true,"href":"https:\/\/proni.hr\/old.proni.hr\/wp-json\/wp\/v2\/categories?post=8060"},{"taxonomy":"post_tag","embeddable":true,"href":"https:\/\/proni.hr\/old.proni.hr\/wp-json\/wp\/v2\/tags?post=8060"}],"curies":[{"name":"wp","href":"https:\/\/api.w.org\/{rel}","templated":true}]}}