{"id":8070,"date":"2022-10-14T08:18:46","date_gmt":"2022-10-14T08:18:46","guid":{"rendered":"https:\/\/proni.hr\/old.proni.hr\/?p=8070"},"modified":"2023-02-08T13:18:07","modified_gmt":"2023-02-08T13:18:07","slug":"zapocela-akademija-rada-u-zajednici","status":"publish","type":"post","link":"https:\/\/proni.hr\/old.proni.hr\/zapocela-akademija-rada-u-zajednici\/","title":{"rendered":"Zapo\u010dela Akademija rada u zajednici"},"content":{"rendered":"\n<p>U sklopu projekta <a href=\"https:\/\/proni.hr\/old.proni.hr\/portfolio-items\/projekt-proaktivna-mreza\/?portfolioID=1284\">Proaktivna mre\u017ea<\/a> 12. listopada 2022. <strong>zapo\u010deli smo provedbu Akademije rada u zajednic<\/strong>i.<\/p>\n\n\n\n<p>Na jednom mjestu okupili su se predstavnici organizacija te volonteri koji su uklju\u010deni u projekt. <\/p>\n\n\n\n<p>Prva dva modula u sklopu Akademije priprema i provodi Nansen Dijalog Centar, kao jedna od partnerskih organizacija u projektu. Program smo zapo\u010deli s promi\u0161ljanjima vezano uz individualna o\u010dekivanja od Akademije te razli\u010ditim aktivnostima s ciljem boljeg upoznavanja  svih sudionika, ali i promi\u0161ljanja o tome kako sebe vidimo u odnosu na druge ljude te izazove s kojima \u0107emo se susretati pri direktnom radu u zajednici.<\/p>\n\n\n\n<p>U narednim tjednima svaka od partnerskih organizacija \u0107e organizirati i provoditi tematske module s ciljem unapre\u0111enja vje\u0161tina  potrebnim za terenski rad koji potom slijedi. <\/p>\n\n\n\n<p><strong>Nositelj projekta<\/strong>&nbsp;je PRONI Centar za socijalno podu\u010davanje, a&nbsp;<strong>partneri<\/strong> su:&nbsp;<a href=\"https:\/\/www.ndcosijek.hr\/\">Nansen dijalog centar Osijek<\/a>,&nbsp;<a href=\"https:\/\/iskra-waldorf-hrvatska.hr\/en\">ISKRA Waldorfska inicijativa Osijek<\/a>&nbsp;i&nbsp;<a href=\"https:\/\/edvu.hr\/\">Europski dom Vukovar<\/a>.<\/p>\n\n\n\n<p>Projekt Proaktivna mre\u017ea financiran je sredstvima Europske unije iz Europskog socijalnog fonda te sredstvima Dr\u017eavnog prora\u010duna Republike Hrvatske. UP.04.2.1.11.0105.<\/p>\n\n\n\n<p><\/p>\n\n\n\n<figure class=\"wp-block-gallery columns-3 is-cropped wp-block-gallery-1 is-layout-flex wp-block-gallery-is-layout-flex\"><ul class=\"blocks-gallery-grid\"><li class=\"blocks-gallery-item\"><figure><a href=\"https:\/\/proni.hr\/old.proni.hr\/wp-content\/uploads\/2022\/10\/311411481_787628005879053_3035786729909923513_n-1-1024x577.jpg\"><img loading=\"lazy\" decoding=\"async\" width=\"1024\" height=\"577\" src=\"https:\/\/proni.hr\/old.proni.hr\/wp-content\/uploads\/2022\/10\/311411481_787628005879053_3035786729909923513_n-1-1024x577.jpg\" alt=\"\" data-id=\"8075\" class=\"wp-image-8075\" srcset=\"https:\/\/proni.hr\/old.proni.hr\/wp-content\/uploads\/2022\/10\/311411481_787628005879053_3035786729909923513_n-1-1024x577.jpg 1024w, https:\/\/proni.hr\/old.proni.hr\/wp-content\/uploads\/2022\/10\/311411481_787628005879053_3035786729909923513_n-1-300x169.jpg 300w, https:\/\/proni.hr\/old.proni.hr\/wp-content\/uploads\/2022\/10\/311411481_787628005879053_3035786729909923513_n-1-768x433.jpg 768w, https:\/\/proni.hr\/old.proni.hr\/wp-content\/uploads\/2022\/10\/311411481_787628005879053_3035786729909923513_n-1-1536x865.jpg 1536w, https:\/\/proni.hr\/old.proni.hr\/wp-content\/uploads\/2022\/10\/311411481_787628005879053_3035786729909923513_n-1.jpg 1734w\" sizes=\"(max-width: 1024px) 100vw, 1024px\" \/><\/a><\/figure><\/li><li class=\"blocks-gallery-item\"><figure><a href=\"https:\/\/proni.hr\/old.proni.hr\/wp-content\/uploads\/2022\/10\/310713882_433504325536174_2240885163182868706_n-1-1024x577.jpg\"><img loading=\"lazy\" decoding=\"async\" width=\"1024\" height=\"577\" src=\"https:\/\/proni.hr\/old.proni.hr\/wp-content\/uploads\/2022\/10\/310713882_433504325536174_2240885163182868706_n-1-1024x577.jpg\" alt=\"\" data-id=\"8076\" data-link=\"https:\/\/proni.hr\/old.proni.hr\/?attachment_id=8076\" class=\"wp-image-8076\" srcset=\"https:\/\/proni.hr\/old.proni.hr\/wp-content\/uploads\/2022\/10\/310713882_433504325536174_2240885163182868706_n-1-1024x577.jpg 1024w, https:\/\/proni.hr\/old.proni.hr\/wp-content\/uploads\/2022\/10\/310713882_433504325536174_2240885163182868706_n-1-300x169.jpg 300w, https:\/\/proni.hr\/old.proni.hr\/wp-content\/uploads\/2022\/10\/310713882_433504325536174_2240885163182868706_n-1-768x433.jpg 768w, https:\/\/proni.hr\/old.proni.hr\/wp-content\/uploads\/2022\/10\/310713882_433504325536174_2240885163182868706_n-1-1536x865.jpg 1536w, https:\/\/proni.hr\/old.proni.hr\/wp-content\/uploads\/2022\/10\/310713882_433504325536174_2240885163182868706_n-1.jpg 1734w\" sizes=\"(max-width: 1024px) 100vw, 1024px\" \/><\/a><\/figure><\/li><li class=\"blocks-gallery-item\"><figure><a href=\"https:\/\/proni.hr\/old.proni.hr\/wp-content\/uploads\/2022\/10\/310983623_578032127342186_9046831285648112679_n-1.jpg\"><img loading=\"lazy\" decoding=\"async\" width=\"1024\" height=\"577\" src=\"https:\/\/proni.hr\/old.proni.hr\/wp-content\/uploads\/2022\/10\/310983623_578032127342186_9046831285648112679_n-1-1024x577.jpg\" alt=\"\" data-id=\"8077\" data-full-url=\"https:\/\/proni.hr\/old.proni.hr\/wp-content\/uploads\/2022\/10\/310983623_578032127342186_9046831285648112679_n-1.jpg\" data-link=\"https:\/\/proni.hr\/old.proni.hr\/?attachment_id=8077\" class=\"wp-image-8077\" srcset=\"https:\/\/proni.hr\/old.proni.hr\/wp-content\/uploads\/2022\/10\/310983623_578032127342186_9046831285648112679_n-1-1024x577.jpg 1024w, https:\/\/proni.hr\/old.proni.hr\/wp-content\/uploads\/2022\/10\/310983623_578032127342186_9046831285648112679_n-1-300x169.jpg 300w, https:\/\/proni.hr\/old.proni.hr\/wp-content\/uploads\/2022\/10\/310983623_578032127342186_9046831285648112679_n-1-768x433.jpg 768w, https:\/\/proni.hr\/old.proni.hr\/wp-content\/uploads\/2022\/10\/310983623_578032127342186_9046831285648112679_n-1-1536x865.jpg 1536w, https:\/\/proni.hr\/old.proni.hr\/wp-content\/uploads\/2022\/10\/310983623_578032127342186_9046831285648112679_n-1.jpg 1734w\" sizes=\"(max-width: 1024px) 100vw, 1024px\" \/><\/a><\/figure><\/li><\/ul><\/figure>\n\n\n\n<div class=\"wp-block-image\"><figure class=\"aligncenter size-full is-resized\"><a href=\"https:\/\/proni.hr\/old.proni.hr\/wp-content\/uploads\/2022\/08\/OP-ULJP_ESF-logo-lenta-i-napis-300x115-2.png\"><img loading=\"lazy\" decoding=\"async\" src=\"https:\/\/proni.hr\/old.proni.hr\/wp-content\/uploads\/2022\/08\/OP-ULJP_ESF-logo-lenta-i-napis-300x115-2.png\" alt=\"\" class=\"wp-image-7816\" width=\"331\" height=\"127\"\/><\/a><figcaption><img loading=\"lazy\" decoding=\"async\" width=\"150\" height=\"109\" class=\"wp-image-8084\" style=\"width: 150px;\" src=\"https:\/\/proni.hr\/old.proni.hr\/wp-content\/uploads\/2022\/10\/NZRCD-u-boji-1024x745-1.jpg\" alt=\"\" srcset=\"https:\/\/proni.hr\/old.proni.hr\/wp-content\/uploads\/2022\/10\/NZRCD-u-boji-1024x745-1.jpg 1024w, https:\/\/proni.hr\/old.proni.hr\/wp-content\/uploads\/2022\/10\/NZRCD-u-boji-1024x745-1-300x218.jpg 300w, https:\/\/proni.hr\/old.proni.hr\/wp-content\/uploads\/2022\/10\/NZRCD-u-boji-1024x745-1-768x559.jpg 768w, https:\/\/proni.hr\/old.proni.hr\/wp-content\/uploads\/2022\/10\/NZRCD-u-boji-1024x745-1-220x161.jpg 220w\" sizes=\"(max-width: 150px) 100vw, 150px\" \/><img loading=\"lazy\" decoding=\"async\" width=\"150\" height=\"75\" class=\"wp-image-8079\" style=\"width: 150px;\" src=\"https:\/\/proni.hr\/old.proni.hr\/wp-content\/uploads\/2022\/10\/Ured-za-udruge_LOGO_HR-H50mm.jpg\" alt=\"\" srcset=\"https:\/\/proni.hr\/old.proni.hr\/wp-content\/uploads\/2022\/10\/Ured-za-udruge_LOGO_HR-H50mm.jpg 750w, https:\/\/proni.hr\/old.proni.hr\/wp-content\/uploads\/2022\/10\/Ured-za-udruge_LOGO_HR-H50mm-300x151.jpg 300w, https:\/\/proni.hr\/old.proni.hr\/wp-content\/uploads\/2022\/10\/Ured-za-udruge_LOGO_HR-H50mm-540x272.jpg 540w\" sizes=\"(max-width: 150px) 100vw, 150px\" \/><\/figcaption><\/figure><\/div>\n","protected":false},"excerpt":{"rendered":"<p>U sklopu projekta Proaktivna mre\u017ea 12. listopada 2022. zapo\u010deli smo provedbu Akademije rada u zajednici. Na jednom mjestu okupili su se predstavnici organizacija te volonteri koji su uklju\u010deni u projekt. Prva dva modula u sklopu Akademije priprema i provodi Nansen Dijalog Centar, kao jedna od partnerskih organizacija u projektu. Program smo zapo\u010deli s promi\u0161ljanjima vezano [&hellip;]<\/p>\n","protected":false},"author":5,"featured_media":8072,"comment_status":"closed","ping_status":"open","sticky":false,"template":"","format":"standard","meta":{"footnotes":""},"categories":[4],"tags":[],"_links":{"self":[{"href":"https:\/\/proni.hr\/old.proni.hr\/wp-json\/wp\/v2\/posts\/8070"}],"collection":[{"href":"https:\/\/proni.hr\/old.proni.hr\/wp-json\/wp\/v2\/posts"}],"about":[{"href":"https:\/\/proni.hr\/old.proni.hr\/wp-json\/wp\/v2\/types\/post"}],"author":[{"embeddable":true,"href":"https:\/\/proni.hr\/old.proni.hr\/wp-json\/wp\/v2\/users\/5"}],"replies":[{"embeddable":true,"href":"https:\/\/proni.hr\/old.proni.hr\/wp-json\/wp\/v2\/comments?post=8070"}],"version-history":[{"count":6,"href":"https:\/\/proni.hr\/old.proni.hr\/wp-json\/wp\/v2\/posts\/8070\/revisions"}],"predecessor-version":[{"id":8583,"href":"https:\/\/proni.hr\/old.proni.hr\/wp-json\/wp\/v2\/posts\/8070\/revisions\/8583"}],"wp:featuredmedia":[{"embeddable":true,"href":"https:\/\/proni.hr\/old.proni.hr\/wp-json\/wp\/v2\/media\/8072"}],"wp:attachment":[{"href":"https:\/\/proni.hr\/old.proni.hr\/wp-json\/wp\/v2\/media?parent=8070"}],"wp:term":[{"taxonomy":"category","embeddable":true,"href":"https:\/\/proni.hr\/old.proni.hr\/wp-json\/wp\/v2\/categories?post=8070"},{"taxonomy":"post_tag","embeddable":true,"href":"https:\/\/proni.hr\/old.proni.hr\/wp-json\/wp\/v2\/tags?post=8070"}],"curies":[{"name":"wp","href":"https:\/\/api.w.org\/{rel}","templated":true}]}}