{"id":8091,"date":"2022-10-17T08:09:56","date_gmt":"2022-10-17T08:09:56","guid":{"rendered":"https:\/\/proni.hr\/old.proni.hr\/?p=8091"},"modified":"2022-10-18T07:54:53","modified_gmt":"2022-10-18T07:54:53","slug":"dodite-na-imos-2022-i-proslavimo-15-rodendan-info-centra-za-mlade-osijek","status":"publish","type":"post","link":"https:\/\/proni.hr\/old.proni.hr\/dodite-na-imos-2022-i-proslavimo-15-rodendan-info-centra-za-mlade-osijek\/","title":{"rendered":"Do\u0111ite na iMOS 2022. i proslavimo 15. ro\u0111endan Info-centra za mlade Osijek"},"content":{"rendered":"\n<p><strong>#iMOS2022 &nbsp;\u2013 Informiranje mladih Osijeka<\/strong><\/p>\n\n\n\n<p><strong><em>Poziv mladima \u2013 iMOS 2022.<\/em><\/strong><\/p>\n\n\n\n<p><strong>Regionalni info-centar za mlade Osijek<\/strong> i <strong>Savjetodavni odbor RICM-a<\/strong> vas pozivaju na\u00a0 <strong>iMOS 2022. &#8211; \u00a0Sajam informiranja mladih Osijeka<\/strong>, \u00a0koji \u0107e se odr\u017eati <strong>u ponedjeljak 24. listopada\u00a0 2022<\/strong>., u prostoru <strong>Info-centra za mlade<\/strong> <strong>Osijek, Kralja Zvonimira 15<\/strong>, odnosno u <strong>velikoj konferencijskoj dvorani Stare pekare u Tvr\u0111i<\/strong> (predavanje Prihva\u0107anje kao supermo\u0107).<\/p>\n\n\n\n<p>Kako je ovaj dan i <strong>15. ro\u0111endan Regionalnog info-centra za mlade Osijek<\/strong>, &nbsp;pripremili smo &nbsp;\u0161arolik program, a sve sa \u017eeljom kako bismo vas MLADE potaknuli da krenete i <strong>sami tra\u017eiti &nbsp;INFORMACIJE koje vas mogu odvesti u razli\u010dite aktivnosti &nbsp;i potaknuti neke pozitivne promjene u va\u0161em \u017eivotu.<\/strong><\/p>\n\n\n\n<p><strong>Program:<\/strong><\/p>\n\n\n\n<p><strong><u>11 \u2013 12 sati<\/u><\/strong> \u2013 <strong>Ulicama na\u0161eg grada \u2013 Prometna kultura i navike pona\u0161anja mladih u<\/strong><\/p>\n\n\n\n<p><strong>&nbsp;&nbsp;&nbsp;&nbsp;&nbsp;&nbsp;&nbsp;&nbsp; prometu, <\/strong>neformalna radionica, voditelj: <strong>Robert \u0160korvaga, Odsjek za<\/strong><\/p>\n\n\n\n<p><strong>&nbsp;&nbsp;&nbsp;&nbsp;&nbsp;&nbsp;&nbsp;&nbsp; prevenciju PU Osje\u010dko-baranjske<\/strong><\/p>\n\n\n\n<p><em>Kako pobolj\u0161ati prometnu kulturu i maksimalno smanjiti rizik od prometne nesre\u0107e kod mladih ljudi? Tko su <strong>mladi voza\u010di i voza\u010di po\u010detnici<\/strong>?Mladi biciklisti u prometu i kako zadovoljiti nova pravila vezano za <strong>vo\u017enju elektri\u010dnim romobilima?<\/strong><\/em><\/p>\n\n\n\n<p><strong><u>13 \u2013 14 sati<\/u><\/strong> <strong>\u2013 Tra\u017ei\u0161 posao? \u0160to ima novo?, <\/strong>neformalna radionica, &nbsp;voditeljice: <strong>Jagoda<\/strong><\/p>\n\n\n\n<p><strong>&nbsp;&nbsp;&nbsp;&nbsp;&nbsp;&nbsp;&nbsp;&nbsp;&nbsp;&nbsp;&nbsp;&nbsp;&nbsp;&nbsp;&nbsp;&nbsp;&nbsp;&nbsp;&nbsp;&nbsp;&nbsp;&nbsp;&nbsp; &nbsp;&nbsp;&nbsp;&nbsp;&nbsp;&nbsp;&nbsp;&nbsp;&nbsp;Ringel Kova\u010devi\u0107, Jelena Vajnberger, Centar za informiranje i &nbsp;&nbsp;<\/strong><\/p>\n\n\n\n<p><strong>&nbsp;&nbsp;&nbsp;&nbsp;&nbsp;&nbsp;&nbsp;&nbsp;&nbsp;&nbsp;&nbsp;&nbsp;&nbsp;&nbsp;&nbsp;&nbsp;&nbsp;&nbsp;&nbsp;&nbsp;&nbsp;&nbsp;&nbsp;&nbsp;&nbsp;&nbsp;&nbsp;&nbsp;&nbsp;&nbsp;&nbsp;&nbsp; savjetovanje o karijeri, Osijek i Ivana \u0160ari\u0107, EURES Osijek<\/strong><\/p>\n\n\n\n<p><em>Upoznajte se sa najnovijem stanju na tr\u017ei\u0161tu rada vezano za mlade \u2013 koliko je i kojih slobodnih radnih mjesta, gdje prona\u0107i informacije, radionice i osobno savjetovanje koj vam mogu pomo\u0107i u&nbsp; tra\u017eenju&nbsp; posla <strong>(CISOK)<\/strong>;kako promijeniti karijeru i besplatno se prekvalificirati&nbsp; za tra\u017eena radna mjesta \u2013 iskoristiti <strong>Vau\u010dere za obrazovanje<\/strong>; kako prona\u0107i siguran posao u inozemstvu i kako iskoristiti sustav podr\u0161ke koji vam u tomu mo\u017ee pomo\u0107i <strong>(EURES) &#8211; HZZ.<\/strong><\/em><\/p>\n\n\n\n<p><strong><u>15 \u2013 16 sati<\/u><\/strong> \u2013 <strong>Zdrava prehrana kao na\u010din \u017eivota, <\/strong>neformalna radionica, voditeljica: <strong>Ivana<\/strong><\/p>\n\n\n\n<p><strong>&nbsp;&nbsp;&nbsp;&nbsp;&nbsp;&nbsp;&nbsp;&nbsp;&nbsp;&nbsp;&nbsp;&nbsp;&nbsp;&nbsp;&nbsp;&nbsp;&nbsp;&nbsp;&nbsp;&nbsp;&nbsp;&nbsp;&nbsp;&nbsp;&nbsp;&nbsp;&nbsp;&nbsp;&nbsp;&nbsp;&nbsp; Sovi\u0107, Nutricionisti\u010dko savjetovali\u0161te pri Nastavnom zavodu za javno<\/strong><\/p>\n\n\n\n<p><strong>&nbsp;&nbsp;&nbsp;&nbsp;&nbsp;&nbsp;&nbsp;&nbsp;&nbsp;&nbsp;&nbsp;&nbsp;&nbsp;&nbsp;&nbsp;&nbsp;&nbsp;&nbsp;&nbsp;&nbsp;&nbsp;&nbsp;&nbsp;&nbsp;&nbsp;&nbsp;&nbsp;&nbsp;&nbsp;&nbsp;&nbsp; zdravstvo Osje\u010dko-baranjske \u017eupanije<\/strong><\/p>\n\n\n\n<p><em>Upoznajte podru\u010dje <strong>Nutricionizma i Nutricionisti\u010dkog savjetovanja<\/strong> koje vam mo\u017ee pomo\u0107i na putu prema \u201cslobodi jedenja\u201di dugotrajne, zdrave promjene svoje prehrane, kroz najbolje alate za usvajanje novih navika.<\/em><\/p>\n\n\n\n<p><strong><u>17 \u2013 18 sati<\/u><\/strong> \u2013 <strong>Angeles i Enrique \u2013 Kako smo do\u0161li u Osijek,&nbsp; <\/strong>iskustvo stranih volontera PRONI Centra vezano za program Europske snage<\/p>\n\n\n\n<p>&nbsp;&nbsp;&nbsp;&nbsp;&nbsp;&nbsp;&nbsp;&nbsp;&nbsp;&nbsp;&nbsp;&nbsp;&nbsp;&nbsp;&nbsp;&nbsp;&nbsp;&nbsp;&nbsp;&nbsp;&nbsp;&nbsp;&nbsp;&nbsp;&nbsp;&nbsp;&nbsp;&nbsp;&nbsp;&nbsp;&nbsp;&nbsp;&nbsp; solidarnosti<\/p>\n\n\n\n<p><strong><em>Osobna pri\u010da Angeles Madueno Triguillos i Enrique Martos Sanchez<\/em><\/strong><em>, volontera programa ESS iz \u0160panjolske. Kroz <strong>predstavu\/pri\u010du predstavit \u0107e mladima svoje iskustvo uklju\u010divanja u projekt Zajedno ja\u010di, koji se kroz jednu godinu provodi u Osijeku, s ciljem motiviranja mladih na&nbsp; uklju\u010divanje u bilo kakav oblik volonerskog anga\u017emana, a posebice u inozemstvu<\/strong>, jer im to, pored osje\u0107aja da doprinose dru\u0161tvu i rade neku pozitivnu promjenu u zajednici, mo\u017ee biti i sjajno profesionalno i \u017eivotno iskustvo.<\/em><\/p>\n\n\n\n<p><strong><u>19.00 \u2013 20.00 sati<\/u><\/strong> \u2013 <strong>Prihva\u0107anje kao supermo\u0107 \u2013 Novi na\u010din suo\u010davanja sa stresom<\/strong><\/p>\n\n\n\n<p>&nbsp;&nbsp;&nbsp;&nbsp;&nbsp;&nbsp;&nbsp;&nbsp;&nbsp;&nbsp;&nbsp;&nbsp;&nbsp;&nbsp;&nbsp;&nbsp;&nbsp;&nbsp;&nbsp;&nbsp;&nbsp;&nbsp;&nbsp;&nbsp;&nbsp;&nbsp;&nbsp;&nbsp;&nbsp;&nbsp; &#8211; voditeljica: <strong>Ana Kurtovi\u0107, profesorica &nbsp;Odsjeka za psihologiju Filozofskog<\/strong><\/p>\n\n\n\n<p><strong>&nbsp;&nbsp;&nbsp;&nbsp;&nbsp;&nbsp;&nbsp;&nbsp;&nbsp;&nbsp;&nbsp;&nbsp;&nbsp;&nbsp;&nbsp;&nbsp;&nbsp;&nbsp;&nbsp;&nbsp;&nbsp;&nbsp;&nbsp;&nbsp;&nbsp;&nbsp;&nbsp;&nbsp;&nbsp;&nbsp;&nbsp;&nbsp; fakulteta u Osijeku<\/strong><\/p>\n\n\n\n<p><em>Nitko nije imun na stres i svatko se mo\u017ee osje\u0107ati preplavljeno obvezama koje ima. Saznajte vi\u0161e o&nbsp; ovom \u201cstanju\u201d o kojem se danas jako puno pi\u0161e i govori te o <strong>opcijama&nbsp; koje imate na raspolaganju i koje mo\u017eete primijeniti u stresnim situacijama.<\/strong><\/em><\/p>\n\n\n\n<p>Prijavite se putem prijavnice ovdje:  i izabirite radionicu\/predavanje &#8211; &nbsp;jedno, dva, tri\u2026 ili sve (ovisno o interesu) i na neformalan na\u010din od stru\u010dnjaka, zajedno sa svojim vr\u0161njacima, &nbsp;saznajte najnovije informacije o onomu \u0161to vas zanima.<\/p>\n\n\n\n<p>Trebate vi\u0161e informacija vezano za sudjelovanje u nekoj od radionica, javite nam se putem Facebook stranice <strong><em><a href=\"https:\/\/www.facebook.com\/icmosijek\">Info-centar za mlade Osijek<\/a><\/em><\/strong>, Instagram profila <strong><em><a href=\"https:\/\/www.instagram.com\/info_centar_za_mlade_osijek\/?hl=hr\">info_centar_za_mlade_osijek <\/a><\/em><\/strong>&nbsp;ili e-mailom na <a href=\"mailto:icm-osijek@proni.hr\">icm-osijek@proni.hr<\/a>.<\/p>\n\n\n\n<p>Do\u0111ite po svoju informaciju i po svoj ro\u0111endanski kola\u010di\u0107 J i zajedni\u010dki uka\u017eimo i podsjetimo na va\u017enost informiranja mladih i njihovog neformalnog u\u010denja!<\/p>\n\n\n\n<p><em>iMOS 2022. se&nbsp; odr\u017eava u sklopu projekta \u201cRegionalni info-centar za mlade Osijek\u201d koji &nbsp;je financira sredstvima Sredi\u0161njeg dr\u017eavnog ureda za demografiju i mlade.<\/em><\/p>\n\n\n\n<p><\/p>\n\n\n\n<figure class=\"wp-block-image size-large\"><a href=\"https:\/\/proni.hr\/old.proni.hr\/wp-content\/uploads\/2022\/10\/iMOS-2022-Program.jpg\"><img loading=\"lazy\" decoding=\"async\" width=\"724\" height=\"1024\" src=\"https:\/\/proni.hr\/old.proni.hr\/wp-content\/uploads\/2022\/10\/iMOS-2022-Program-724x1024.jpg\" alt=\"\" class=\"wp-image-8092\" srcset=\"https:\/\/proni.hr\/old.proni.hr\/wp-content\/uploads\/2022\/10\/iMOS-2022-Program-724x1024.jpg 724w, https:\/\/proni.hr\/old.proni.hr\/wp-content\/uploads\/2022\/10\/iMOS-2022-Program-212x300.jpg 212w, https:\/\/proni.hr\/old.proni.hr\/wp-content\/uploads\/2022\/10\/iMOS-2022-Program-768x1086.jpg 768w, https:\/\/proni.hr\/old.proni.hr\/wp-content\/uploads\/2022\/10\/iMOS-2022-Program-1086x1536.jpg 1086w, https:\/\/proni.hr\/old.proni.hr\/wp-content\/uploads\/2022\/10\/iMOS-2022-Program.jpg 1414w\" sizes=\"(max-width: 724px) 100vw, 724px\" \/><\/a><\/figure>\n","protected":false},"excerpt":{"rendered":"<p>#iMOS2022 &nbsp;\u2013 Informiranje mladih Osijeka Poziv mladima \u2013 iMOS 2022. Regionalni info-centar za mlade Osijek i Savjetodavni odbor RICM-a vas pozivaju na\u00a0 iMOS 2022. &#8211; \u00a0Sajam informiranja mladih Osijeka, \u00a0koji \u0107e se odr\u017eati u ponedjeljak 24. listopada\u00a0 2022., u prostoru Info-centra za mlade Osijek, Kralja Zvonimira 15, odnosno u velikoj konferencijskoj dvorani Stare pekare u [&hellip;]<\/p>\n","protected":false},"author":5,"featured_media":8093,"comment_status":"closed","ping_status":"open","sticky":false,"template":"","format":"standard","meta":{"footnotes":""},"categories":[4],"tags":[],"_links":{"self":[{"href":"https:\/\/proni.hr\/old.proni.hr\/wp-json\/wp\/v2\/posts\/8091"}],"collection":[{"href":"https:\/\/proni.hr\/old.proni.hr\/wp-json\/wp\/v2\/posts"}],"about":[{"href":"https:\/\/proni.hr\/old.proni.hr\/wp-json\/wp\/v2\/types\/post"}],"author":[{"embeddable":true,"href":"https:\/\/proni.hr\/old.proni.hr\/wp-json\/wp\/v2\/users\/5"}],"replies":[{"embeddable":true,"href":"https:\/\/proni.hr\/old.proni.hr\/wp-json\/wp\/v2\/comments?post=8091"}],"version-history":[{"count":2,"href":"https:\/\/proni.hr\/old.proni.hr\/wp-json\/wp\/v2\/posts\/8091\/revisions"}],"predecessor-version":[{"id":8095,"href":"https:\/\/proni.hr\/old.proni.hr\/wp-json\/wp\/v2\/posts\/8091\/revisions\/8095"}],"wp:featuredmedia":[{"embeddable":true,"href":"https:\/\/proni.hr\/old.proni.hr\/wp-json\/wp\/v2\/media\/8093"}],"wp:attachment":[{"href":"https:\/\/proni.hr\/old.proni.hr\/wp-json\/wp\/v2\/media?parent=8091"}],"wp:term":[{"taxonomy":"category","embeddable":true,"href":"https:\/\/proni.hr\/old.proni.hr\/wp-json\/wp\/v2\/categories?post=8091"},{"taxonomy":"post_tag","embeddable":true,"href":"https:\/\/proni.hr\/old.proni.hr\/wp-json\/wp\/v2\/tags?post=8091"}],"curies":[{"name":"wp","href":"https:\/\/api.w.org\/{rel}","templated":true}]}}