{"id":8096,"date":"2022-10-18T10:16:33","date_gmt":"2022-10-18T10:16:33","guid":{"rendered":"https:\/\/proni.hr\/old.proni.hr\/?p=8096"},"modified":"2023-02-08T13:12:58","modified_gmt":"2023-02-08T13:12:58","slug":"partnerski-sastanak-opcine-babina-greda-i-proni-centra-na-provedbi-projekta-potkovani-zdravim-navikama","status":"publish","type":"post","link":"https:\/\/proni.hr\/old.proni.hr\/partnerski-sastanak-opcine-babina-greda-i-proni-centra-na-provedbi-projekta-potkovani-zdravim-navikama\/","title":{"rendered":"Partnerski sastanak Op\u0107ine Babina Greda i PRONI Centra na provedbi projekta Potkovani zdravim navikama"},"content":{"rendered":"\n<p>U svrhu podizanja svijesti gra\u0111ana Babine Grede o brizi za vlastito zdravstveno stanje koje \u0107e u kona\u010dnici dovesti do pobolj\u0161anja zdravstvenog statusa gra\u0111ana Hrvatske, u PRONI uredu u Vukovaru, u utorak 18. listopada odr\u017ean je sastanak s Monikom U\u017earevi\u0107 iz Op\u0107ine Babina Greda, koja je i nositelj projekta <a href=\"https:\/\/proni.hr\/old.proni.hr\/portfolio-items\/potkovani-zdravim-navikama\/?portfolioID=1284\">Potkovani zdravim navikama<\/a>, UP.02.2.1.08.0040.<\/p>\n\n\n\n<p>Tijekom sastanka, razra\u0111en je plan provedbe aktivnosti tijekom jeseni, a s ciljem uklju\u010divanja \u0161ireg gra\u0111anstva &#8211; djece, mladih, roditelja te predstavnika organizacija civilnoga dru\u0161tva s podru\u010dja op\u0107ine u radionice, okrugle stolove, javne tribine i druge zanimljive aktivnosti koje za cilj imaju doprinijeti prevenciji ovisnosti i podizanju zdravstvenog stanja gra\u0111ana RH. <\/p>\n\n\n\n<p>Dodatno, u svrhu ja\u010deg utjecaja na gra\u0111anstvo, u fokusu sastanka bila je i organizacija razli\u010ditih aktivnosti tijekom obilje\u017eavanje Mjeseca borbe protiv ovisnosti tijekom studenog i prosinca, a posebice kroz organizaciju aktivnosti u okviru Dana otvorenih vrata.<\/p>\n\n\n\n<div class=\"wp-block-image\"><figure class=\"aligncenter size-full\"><a href=\"https:\/\/proni.hr\/old.proni.hr\/wp-content\/uploads\/2022\/10\/OP-ULJP_ESF-logo-lenta-i-napis-300x115-2.png\"><img loading=\"lazy\" decoding=\"async\" width=\"300\" height=\"115\" src=\"https:\/\/proni.hr\/old.proni.hr\/wp-content\/uploads\/2022\/10\/OP-ULJP_ESF-logo-lenta-i-napis-300x115-2.png\" alt=\"\" class=\"wp-image-8083\"\/><\/a><\/figure><\/div>\n","protected":false},"excerpt":{"rendered":"<p>U svrhu podizanja svijesti gra\u0111ana Babine Grede o brizi za vlastito zdravstveno stanje koje \u0107e u kona\u010dnici dovesti do pobolj\u0161anja zdravstvenog statusa gra\u0111ana Hrvatske, u PRONI uredu u Vukovaru, u utorak 18. listopada odr\u017ean je sastanak s Monikom U\u017earevi\u0107 iz Op\u0107ine Babina Greda, koja je i nositelj projekta Potkovani zdravim navikama, UP.02.2.1.08.0040. Tijekom sastanka, razra\u0111en [&hellip;]<\/p>\n","protected":false},"author":4,"featured_media":8099,"comment_status":"closed","ping_status":"open","sticky":false,"template":"","format":"standard","meta":{"footnotes":""},"categories":[4],"tags":[],"_links":{"self":[{"href":"https:\/\/proni.hr\/old.proni.hr\/wp-json\/wp\/v2\/posts\/8096"}],"collection":[{"href":"https:\/\/proni.hr\/old.proni.hr\/wp-json\/wp\/v2\/posts"}],"about":[{"href":"https:\/\/proni.hr\/old.proni.hr\/wp-json\/wp\/v2\/types\/post"}],"author":[{"embeddable":true,"href":"https:\/\/proni.hr\/old.proni.hr\/wp-json\/wp\/v2\/users\/4"}],"replies":[{"embeddable":true,"href":"https:\/\/proni.hr\/old.proni.hr\/wp-json\/wp\/v2\/comments?post=8096"}],"version-history":[{"count":2,"href":"https:\/\/proni.hr\/old.proni.hr\/wp-json\/wp\/v2\/posts\/8096\/revisions"}],"predecessor-version":[{"id":8579,"href":"https:\/\/proni.hr\/old.proni.hr\/wp-json\/wp\/v2\/posts\/8096\/revisions\/8579"}],"wp:featuredmedia":[{"embeddable":true,"href":"https:\/\/proni.hr\/old.proni.hr\/wp-json\/wp\/v2\/media\/8099"}],"wp:attachment":[{"href":"https:\/\/proni.hr\/old.proni.hr\/wp-json\/wp\/v2\/media?parent=8096"}],"wp:term":[{"taxonomy":"category","embeddable":true,"href":"https:\/\/proni.hr\/old.proni.hr\/wp-json\/wp\/v2\/categories?post=8096"},{"taxonomy":"post_tag","embeddable":true,"href":"https:\/\/proni.hr\/old.proni.hr\/wp-json\/wp\/v2\/tags?post=8096"}],"curies":[{"name":"wp","href":"https:\/\/api.w.org\/{rel}","templated":true}]}}