{"id":8102,"date":"2022-10-21T15:42:42","date_gmt":"2022-10-21T15:42:42","guid":{"rendered":"https:\/\/proni.hr\/old.proni.hr\/?p=8102"},"modified":"2022-10-24T07:52:36","modified_gmt":"2022-10-24T07:52:36","slug":"zavrsna-konferencija-putevima-ekoloske-renesanse","status":"publish","type":"post","link":"https:\/\/proni.hr\/old.proni.hr\/zavrsna-konferencija-putevima-ekoloske-renesanse\/","title":{"rendered":"Zavr\u0161na konferencija &#8220;Putevima ekolo\u0161ke renesanse&#8221;"},"content":{"rendered":"\n<p>U \u010detvrtak, 20. listopada odr\u017eana je zavr\u0161na konferencija u okviru projekta <a href=\"https:\/\/proni.hr\/old.proni.hr\/portfolio-items\/istrazivanje-puteva-do-ekoloske-renesanse\/?portfolioID=1284\" data-type=\"URL\" data-id=\"https:\/\/proni.hr\/old.proni.hr\/portfolio-items\/istrazivanje-puteva-do-ekoloske-renesanse\/?portfolioID=1284\" target=\"_blank\" rel=\"noreferrer noopener\">Putevima ekolo\u0161ke renesanse<\/a> koji uspje\u0161no te\u010de jo\u0161 od studenog 2021. godine. <\/p>\n\n\n\n<p>Ovaj sve\u010dani doga\u0111aj odr\u017ean je u Gradskom muzeju Vukovar i s preko 70 sudionika bilo je to mjesto umre\u017eavanja najrazli\u010ditijih institucija, organizacija civilnoga dru\u0161tva, obrazovnih ustanova, edukatora iz sustava neformalnog i formalnog obrazovanja, stru\u010dnjaka koji se bave temom odr\u017eivog razvoja, aktivista u zajednici, a najva\u017enije mladih ljudi i volontera koji shva\u0107aju koliko je va\u017eno osobno djelovanje da bi ova tema za\u017eivjela. <\/p>\n\n\n\n<p>Na konferenciji su bili prisutni i predstavnici Civic Europe-a iz Berlina, koji i financira ovaj projekt.<\/p>\n\n\n\n<p>Vi\u0161e o va\u017enosti teme odr\u017eivog razvoja u obrazovnom sustavu saznalo se iz predavanja g\u0111e. Marine Ni\u0161t iz Agencije za odgoj i obrazovanje, stru\u010dnjakinje koja ve\u017ee ova dva podru\u010dja u svome radu.<\/p>\n\n\n\n<p>Predstavljene su provedene ekolo\u0161ke akcije u zajednici te <a href=\"https:\/\/issuu.com\/pronicentar\/docs\/priru_nik_-_putevima_ekoloske_renesanse\" data-type=\"URL\" data-id=\"https:\/\/issuu.com\/pronicentar\/docs\/priru_nik_-_putevima_ekoloske_renesanse\" target=\"_blank\" rel=\"noreferrer noopener\">Priru\u010dnik za pou\u010davanje o odr\u017eivom razvoju.<\/a> <\/p>\n\n\n\n<p> Osim toga, odr\u017eane su panel rasprave s mladima koji su sudjelovali u projektu te sa stru\u010dnjacima iz ovog podru\u010dja.<\/p>\n\n\n\n<p>U popodnevnom dijelu bilo je omogu\u0107eno aktivno sudjelovanje u tri paralelne radionice: Freska ekolo\u0161ke renesanse, Kreativna radionica &#8211; upcycling i Activism in local communities (na engleskom jeziku).<\/p>\n\n\n\n<p>Projekt Putevima ekolo\u0161ke renesanse projekt je WINNING IDEA 2021 na Civic Europe Challenge 2021! Odabran je kao jedan od 19 projektnih ideja od prijavljenih 551 te financiran od strane Civic Europe-a.<\/p>\n\n\n\n<figure class=\"wp-block-gallery columns-3 is-cropped wp-block-gallery-1 is-layout-flex wp-block-gallery-is-layout-flex\"><ul class=\"blocks-gallery-grid\"><li class=\"blocks-gallery-item\"><figure><a href=\"https:\/\/proni.hr\/old.proni.hr\/wp-content\/uploads\/2022\/10\/IMG-5306.jpg\"><img loading=\"lazy\" decoding=\"async\" width=\"1024\" height=\"768\" src=\"https:\/\/proni.hr\/old.proni.hr\/wp-content\/uploads\/2022\/10\/IMG-5306-1024x768.jpg\" alt=\"\" data-id=\"8126\" data-full-url=\"https:\/\/proni.hr\/old.proni.hr\/wp-content\/uploads\/2022\/10\/IMG-5306.jpg\" data-link=\"https:\/\/proni.hr\/old.proni.hr\/?attachment_id=8126\" class=\"wp-image-8126\" srcset=\"https:\/\/proni.hr\/old.proni.hr\/wp-content\/uploads\/2022\/10\/IMG-5306-1024x768.jpg 1024w, https:\/\/proni.hr\/old.proni.hr\/wp-content\/uploads\/2022\/10\/IMG-5306-300x225.jpg 300w, https:\/\/proni.hr\/old.proni.hr\/wp-content\/uploads\/2022\/10\/IMG-5306-768x576.jpg 768w, https:\/\/proni.hr\/old.proni.hr\/wp-content\/uploads\/2022\/10\/IMG-5306-1536x1152.jpg 1536w, https:\/\/proni.hr\/old.proni.hr\/wp-content\/uploads\/2022\/10\/IMG-5306.jpg 1600w\" sizes=\"(max-width: 1024px) 100vw, 1024px\" \/><\/a><\/figure><\/li><li class=\"blocks-gallery-item\"><figure><a href=\"https:\/\/proni.hr\/old.proni.hr\/wp-content\/uploads\/2022\/10\/IMG-5301-1024x822.jpg\"><img loading=\"lazy\" decoding=\"async\" width=\"1024\" height=\"822\" src=\"https:\/\/proni.hr\/old.proni.hr\/wp-content\/uploads\/2022\/10\/IMG-5301-1024x822.jpg\" alt=\"\" data-id=\"8108\" data-link=\"https:\/\/proni.hr\/old.proni.hr\/?attachment_id=8108\" class=\"wp-image-8108\" srcset=\"https:\/\/proni.hr\/old.proni.hr\/wp-content\/uploads\/2022\/10\/IMG-5301-1024x822.jpg 1024w, https:\/\/proni.hr\/old.proni.hr\/wp-content\/uploads\/2022\/10\/IMG-5301-300x241.jpg 300w, https:\/\/proni.hr\/old.proni.hr\/wp-content\/uploads\/2022\/10\/IMG-5301-768x617.jpg 768w, https:\/\/proni.hr\/old.proni.hr\/wp-content\/uploads\/2022\/10\/IMG-5301-1536x1234.jpg 1536w, https:\/\/proni.hr\/old.proni.hr\/wp-content\/uploads\/2022\/10\/IMG-5301-177x142.jpg 177w, https:\/\/proni.hr\/old.proni.hr\/wp-content\/uploads\/2022\/10\/IMG-5301-147x118.jpg 147w, https:\/\/proni.hr\/old.proni.hr\/wp-content\/uploads\/2022\/10\/IMG-5301.jpg 1600w\" sizes=\"(max-width: 1024px) 100vw, 1024px\" \/><\/a><\/figure><\/li><li class=\"blocks-gallery-item\"><figure><a href=\"https:\/\/proni.hr\/old.proni.hr\/wp-content\/uploads\/2022\/10\/IMG-5302-1024x768.jpg\"><img loading=\"lazy\" decoding=\"async\" width=\"1024\" height=\"768\" src=\"https:\/\/proni.hr\/old.proni.hr\/wp-content\/uploads\/2022\/10\/IMG-5302-1024x768.jpg\" alt=\"\" data-id=\"8112\" data-link=\"https:\/\/proni.hr\/old.proni.hr\/?attachment_id=8112\" class=\"wp-image-8112\" srcset=\"https:\/\/proni.hr\/old.proni.hr\/wp-content\/uploads\/2022\/10\/IMG-5302-1024x768.jpg 1024w, https:\/\/proni.hr\/old.proni.hr\/wp-content\/uploads\/2022\/10\/IMG-5302-300x225.jpg 300w, https:\/\/proni.hr\/old.proni.hr\/wp-content\/uploads\/2022\/10\/IMG-5302-768x576.jpg 768w, https:\/\/proni.hr\/old.proni.hr\/wp-content\/uploads\/2022\/10\/IMG-5302-1536x1152.jpg 1536w, https:\/\/proni.hr\/old.proni.hr\/wp-content\/uploads\/2022\/10\/IMG-5302.jpg 1600w\" sizes=\"(max-width: 1024px) 100vw, 1024px\" \/><\/a><\/figure><\/li><li class=\"blocks-gallery-item\"><figure><a href=\"https:\/\/proni.hr\/old.proni.hr\/wp-content\/uploads\/2022\/10\/IMG-5267-1-1024x768.jpg\"><img loading=\"lazy\" decoding=\"async\" width=\"1024\" height=\"768\" src=\"https:\/\/proni.hr\/old.proni.hr\/wp-content\/uploads\/2022\/10\/IMG-5267-1-1024x768.jpg\" alt=\"\" data-id=\"8113\" data-link=\"https:\/\/proni.hr\/old.proni.hr\/?attachment_id=8113\" class=\"wp-image-8113\" srcset=\"https:\/\/proni.hr\/old.proni.hr\/wp-content\/uploads\/2022\/10\/IMG-5267-1-1024x768.jpg 1024w, https:\/\/proni.hr\/old.proni.hr\/wp-content\/uploads\/2022\/10\/IMG-5267-1-300x225.jpg 300w, https:\/\/proni.hr\/old.proni.hr\/wp-content\/uploads\/2022\/10\/IMG-5267-1-768x576.jpg 768w, https:\/\/proni.hr\/old.proni.hr\/wp-content\/uploads\/2022\/10\/IMG-5267-1-1536x1152.jpg 1536w, https:\/\/proni.hr\/old.proni.hr\/wp-content\/uploads\/2022\/10\/IMG-5267-1-2048x1536.jpg 2048w\" sizes=\"(max-width: 1024px) 100vw, 1024px\" \/><\/a><\/figure><\/li><li class=\"blocks-gallery-item\"><figure><a href=\"https:\/\/proni.hr\/old.proni.hr\/wp-content\/uploads\/2022\/10\/IMG-5304-1.jpg\"><img loading=\"lazy\" decoding=\"async\" width=\"1024\" height=\"768\" src=\"https:\/\/proni.hr\/old.proni.hr\/wp-content\/uploads\/2022\/10\/IMG-5304-1-1024x768.jpg\" alt=\"\" data-id=\"8117\" data-full-url=\"https:\/\/proni.hr\/old.proni.hr\/wp-content\/uploads\/2022\/10\/IMG-5304-1.jpg\" data-link=\"https:\/\/proni.hr\/old.proni.hr\/zavrsna-konferencija-putevima-ekoloske-renesanse\/img-5304-1\/\" class=\"wp-image-8117\" srcset=\"https:\/\/proni.hr\/old.proni.hr\/wp-content\/uploads\/2022\/10\/IMG-5304-1-1024x768.jpg 1024w, https:\/\/proni.hr\/old.proni.hr\/wp-content\/uploads\/2022\/10\/IMG-5304-1-300x225.jpg 300w, https:\/\/proni.hr\/old.proni.hr\/wp-content\/uploads\/2022\/10\/IMG-5304-1-768x576.jpg 768w, https:\/\/proni.hr\/old.proni.hr\/wp-content\/uploads\/2022\/10\/IMG-5304-1-1536x1152.jpg 1536w, https:\/\/proni.hr\/old.proni.hr\/wp-content\/uploads\/2022\/10\/IMG-5304-1.jpg 1600w\" sizes=\"(max-width: 1024px) 100vw, 1024px\" \/><\/a><\/figure><\/li><li class=\"blocks-gallery-item\"><figure><a href=\"https:\/\/proni.hr\/old.proni.hr\/wp-content\/uploads\/2022\/10\/IMG-5268-1-1024x634.jpg\"><img loading=\"lazy\" decoding=\"async\" width=\"1024\" height=\"634\" src=\"https:\/\/proni.hr\/old.proni.hr\/wp-content\/uploads\/2022\/10\/IMG-5268-1-1024x634.jpg\" alt=\"\" data-id=\"8114\" data-link=\"https:\/\/proni.hr\/old.proni.hr\/?attachment_id=8114\" class=\"wp-image-8114\" srcset=\"https:\/\/proni.hr\/old.proni.hr\/wp-content\/uploads\/2022\/10\/IMG-5268-1-1024x634.jpg 1024w, https:\/\/proni.hr\/old.proni.hr\/wp-content\/uploads\/2022\/10\/IMG-5268-1-300x186.jpg 300w, https:\/\/proni.hr\/old.proni.hr\/wp-content\/uploads\/2022\/10\/IMG-5268-1-768x476.jpg 768w, https:\/\/proni.hr\/old.proni.hr\/wp-content\/uploads\/2022\/10\/IMG-5268-1-1536x952.jpg 1536w, https:\/\/proni.hr\/old.proni.hr\/wp-content\/uploads\/2022\/10\/IMG-5268-1-2048x1269.jpg 2048w\" sizes=\"(max-width: 1024px) 100vw, 1024px\" \/><\/a><\/figure><\/li><li class=\"blocks-gallery-item\"><figure><a href=\"https:\/\/proni.hr\/old.proni.hr\/wp-content\/uploads\/2022\/10\/IMG-5303-1-1024x768.jpg\"><img loading=\"lazy\" decoding=\"async\" width=\"1024\" height=\"768\" src=\"https:\/\/proni.hr\/old.proni.hr\/wp-content\/uploads\/2022\/10\/IMG-5303-1-1024x768.jpg\" alt=\"\" data-id=\"8118\" data-link=\"https:\/\/proni.hr\/old.proni.hr\/?attachment_id=8118\" class=\"wp-image-8118\" srcset=\"https:\/\/proni.hr\/old.proni.hr\/wp-content\/uploads\/2022\/10\/IMG-5303-1-1024x768.jpg 1024w, https:\/\/proni.hr\/old.proni.hr\/wp-content\/uploads\/2022\/10\/IMG-5303-1-300x225.jpg 300w, https:\/\/proni.hr\/old.proni.hr\/wp-content\/uploads\/2022\/10\/IMG-5303-1-768x576.jpg 768w, https:\/\/proni.hr\/old.proni.hr\/wp-content\/uploads\/2022\/10\/IMG-5303-1-1536x1152.jpg 1536w, https:\/\/proni.hr\/old.proni.hr\/wp-content\/uploads\/2022\/10\/IMG-5303-1.jpg 1600w\" sizes=\"(max-width: 1024px) 100vw, 1024px\" \/><\/a><\/figure><\/li><\/ul><\/figure>\n","protected":false},"excerpt":{"rendered":"<p>U \u010detvrtak, 20. listopada odr\u017eana je zavr\u0161na konferencija u okviru projekta Putevima ekolo\u0161ke renesanse koji uspje\u0161no te\u010de jo\u0161 od studenog 2021. godine. Ovaj sve\u010dani doga\u0111aj odr\u017ean je u Gradskom muzeju Vukovar i s preko 70 sudionika bilo je to mjesto umre\u017eavanja najrazli\u010ditijih institucija, organizacija civilnoga dru\u0161tva, obrazovnih ustanova, edukatora iz sustava neformalnog i formalnog obrazovanja, [&hellip;]<\/p>\n","protected":false},"author":4,"featured_media":8127,"comment_status":"closed","ping_status":"open","sticky":false,"template":"","format":"standard","meta":{"footnotes":""},"categories":[4],"tags":[],"_links":{"self":[{"href":"https:\/\/proni.hr\/old.proni.hr\/wp-json\/wp\/v2\/posts\/8102"}],"collection":[{"href":"https:\/\/proni.hr\/old.proni.hr\/wp-json\/wp\/v2\/posts"}],"about":[{"href":"https:\/\/proni.hr\/old.proni.hr\/wp-json\/wp\/v2\/types\/post"}],"author":[{"embeddable":true,"href":"https:\/\/proni.hr\/old.proni.hr\/wp-json\/wp\/v2\/users\/4"}],"replies":[{"embeddable":true,"href":"https:\/\/proni.hr\/old.proni.hr\/wp-json\/wp\/v2\/comments?post=8102"}],"version-history":[{"count":5,"href":"https:\/\/proni.hr\/old.proni.hr\/wp-json\/wp\/v2\/posts\/8102\/revisions"}],"predecessor-version":[{"id":8139,"href":"https:\/\/proni.hr\/old.proni.hr\/wp-json\/wp\/v2\/posts\/8102\/revisions\/8139"}],"wp:featuredmedia":[{"embeddable":true,"href":"https:\/\/proni.hr\/old.proni.hr\/wp-json\/wp\/v2\/media\/8127"}],"wp:attachment":[{"href":"https:\/\/proni.hr\/old.proni.hr\/wp-json\/wp\/v2\/media?parent=8102"}],"wp:term":[{"taxonomy":"category","embeddable":true,"href":"https:\/\/proni.hr\/old.proni.hr\/wp-json\/wp\/v2\/categories?post=8102"},{"taxonomy":"post_tag","embeddable":true,"href":"https:\/\/proni.hr\/old.proni.hr\/wp-json\/wp\/v2\/tags?post=8102"}],"curies":[{"name":"wp","href":"https:\/\/api.w.org\/{rel}","templated":true}]}}