{"id":8134,"date":"2022-10-24T07:43:49","date_gmt":"2022-10-24T07:43:49","guid":{"rendered":"https:\/\/proni.hr\/old.proni.hr\/?p=8134"},"modified":"2023-02-08T13:11:39","modified_gmt":"2023-02-08T13:11:39","slug":"u-starim-mikanovcima-odrzana-pocetna-konferencija-projekta-reci-ne","status":"publish","type":"post","link":"https:\/\/proni.hr\/old.proni.hr\/u-starim-mikanovcima-odrzana-pocetna-konferencija-projekta-reci-ne\/","title":{"rendered":"U Starim Mikanovcima odr\u017eana po\u010detna konferencija projekta Reci \u201cNE\u201d"},"content":{"rendered":"\n<p>U okviru projekta \u201c<a href=\"https:\/\/proni.hr\/old.proni.hr\/portfolio-items\/reci-ne\/?portfolioID=1284\">Reci NE<\/a>\u201d, UP.02.2.1.08.0112, \u010diji je nositelj Op\u0107ina Stari Mikanovci, a PRONI Centar partner na provedbi, u petak 21. listopada u prostoru O\u0160 Stjepan Cvrkovi\u0107 Stari Mikanovci, odr\u017eana je po\u010detna konferencija s ciljem upoznavanja javnosti o projektu, njegovim ciljevima i rezultatima te planom provedbe.<\/p>\n\n\n\n<p>Ujedno, za partnere je ovo bila i prilika za planiranje aktivnosti koje \u0107e se provesti s u\u010denicima te \u0161kole te mladima i drugim dionicima iz zajednice do kraja ove godine, s posebnim naglaskom na odr\u017eavanje Dana otvorenih vrata u okviru kojih \u0107e se odr\u017eati niz aktivnosti koje za cilj imaju doprinijeti podizanju svijest gra\u0111ana Starih Mikanovaca o brizi za vlastito zdravstveno stanje.<\/p>\n\n\n\n<div class=\"wp-block-image\"><figure class=\"aligncenter size-full\"><a href=\"https:\/\/proni.hr\/old.proni.hr\/wp-content\/uploads\/2022\/10\/OP-ULJP_ESF-logo-lenta-i-napis-300x115-2.png\"><img loading=\"lazy\" decoding=\"async\" width=\"300\" height=\"115\" src=\"https:\/\/proni.hr\/old.proni.hr\/wp-content\/uploads\/2022\/10\/OP-ULJP_ESF-logo-lenta-i-napis-300x115-2.png\" alt=\"\" class=\"wp-image-8083\"\/><\/a><\/figure><\/div>\n","protected":false},"excerpt":{"rendered":"<p>U okviru projekta \u201cReci NE\u201d, UP.02.2.1.08.0112, \u010diji je nositelj Op\u0107ina Stari Mikanovci, a PRONI Centar partner na provedbi, u petak 21. listopada u prostoru O\u0160 Stjepan Cvrkovi\u0107 Stari Mikanovci, odr\u017eana je po\u010detna konferencija s ciljem upoznavanja javnosti o projektu, njegovim ciljevima i rezultatima te planom provedbe. Ujedno, za partnere je ovo bila i prilika za [&hellip;]<\/p>\n","protected":false},"author":4,"featured_media":8135,"comment_status":"closed","ping_status":"open","sticky":false,"template":"","format":"standard","meta":{"footnotes":""},"categories":[4],"tags":[],"_links":{"self":[{"href":"https:\/\/proni.hr\/old.proni.hr\/wp-json\/wp\/v2\/posts\/8134"}],"collection":[{"href":"https:\/\/proni.hr\/old.proni.hr\/wp-json\/wp\/v2\/posts"}],"about":[{"href":"https:\/\/proni.hr\/old.proni.hr\/wp-json\/wp\/v2\/types\/post"}],"author":[{"embeddable":true,"href":"https:\/\/proni.hr\/old.proni.hr\/wp-json\/wp\/v2\/users\/4"}],"replies":[{"embeddable":true,"href":"https:\/\/proni.hr\/old.proni.hr\/wp-json\/wp\/v2\/comments?post=8134"}],"version-history":[{"count":2,"href":"https:\/\/proni.hr\/old.proni.hr\/wp-json\/wp\/v2\/posts\/8134\/revisions"}],"predecessor-version":[{"id":8578,"href":"https:\/\/proni.hr\/old.proni.hr\/wp-json\/wp\/v2\/posts\/8134\/revisions\/8578"}],"wp:featuredmedia":[{"embeddable":true,"href":"https:\/\/proni.hr\/old.proni.hr\/wp-json\/wp\/v2\/media\/8135"}],"wp:attachment":[{"href":"https:\/\/proni.hr\/old.proni.hr\/wp-json\/wp\/v2\/media?parent=8134"}],"wp:term":[{"taxonomy":"category","embeddable":true,"href":"https:\/\/proni.hr\/old.proni.hr\/wp-json\/wp\/v2\/categories?post=8134"},{"taxonomy":"post_tag","embeddable":true,"href":"https:\/\/proni.hr\/old.proni.hr\/wp-json\/wp\/v2\/tags?post=8134"}],"curies":[{"name":"wp","href":"https:\/\/api.w.org\/{rel}","templated":true}]}}