{"id":8790,"date":"2023-03-29T13:00:15","date_gmt":"2023-03-29T13:00:15","guid":{"rendered":"https:\/\/proni.hr\/old.proni.hr\/?p=8790"},"modified":"2023-03-29T13:00:17","modified_gmt":"2023-03-29T13:00:17","slug":"uvodna-konferencija-projekta-informacija-za-sve-u-osijeku","status":"publish","type":"post","link":"https:\/\/proni.hr\/old.proni.hr\/uvodna-konferencija-projekta-informacija-za-sve-u-osijeku\/","title":{"rendered":"Uvodna konferencija projekta Informacija za sve u Osijeku"},"content":{"rendered":"\n<p><strong>Pozivamo mlade (od 15 do 30 godina) i donositelje odluka s podru\u010dja Osje\u010dko-baranjske i Vukovarsko-srijemske \u017eupanije<\/strong> na sudjelovanje u <strong>uvodnom javnom doga\u0111anju, na kojemu \u0107e mo\u0107i dati svoj doprinos raspravi na temu informiranja mladih. <\/strong><\/p>\n\n\n\n<p><strong>Uvodna konferencija projekta Informacija za sve u Osijeku  \u0107e se odr\u017eati<\/strong> <strong>5. travnja 2023. godine, s po\u010detkom u  10 sati),<\/strong> <strong>u prostoru Stare Pekare u Osijeku, u Tvr\u0111i, Trg Vatroslava Lisinskog 11.<\/strong><\/p>\n\n\n\n<p><strong>Prijaviti se mo\u017eete putem prijavnice ovdje: <a href=\"https:\/\/tinyurl.com\/4mwswsd6\">https:\/\/tinyurl.com\/4mwswsd6<\/a> do 31. o\u017eujka 2023. <\/strong><\/p>\n\n\n\n<p><\/p>\n\n\n\n<p><strong>Tro\u0161kovi puta biti \u0107e refundirani<\/strong>. Broj sudionika je ograni\u010den te Vas molimo da nam se <strong>\u0161to prije javite s povratnom informacijom<\/strong>.<\/p>\n\n\n\n<p>Po\u010detkom <strong>ove godine zapo\u010deli smo s provedbom projekta <\/strong>koji ima za <strong>cilj podi\u0107i razinu kvalitete \u017eivota mladih na podru\u010dju OB\u017d i VS\u017d, s naglaskom na te\u017ee dostupne mlade u manjim i ruralnim sredinama, kroz definiranje modela informiranja mladih, u strukturiranom dijalogu izme\u0111u mladih (koji su krajnji korisnici) i donositelja odluka s podru\u010dja tih zajednica (koji su glavni pru\u017eatelji relevantnih informacija).<\/strong><\/p>\n\n\n\n<p>Bilo bi nam iznimno drago kada biste prepoznali na\u0161a nastojanja da se i na ovaj na\u010din pribli\u017eimo mladima, te zajedni\u010dki damo podr\u0161ku mladima, na na\u010din da unaprijedimo sustav informiranja mladih te omogu\u0107imo da relevantne informacije do\u0111u do \u0161to ve\u0107eg broja mladih, posebice onih te\u017ee dostupnih.<\/p>\n\n\n\n<figure class=\"wp-block-image size-full\"><a href=\"https:\/\/proni.hr\/old.proni.hr\/wp-content\/uploads\/2023\/03\/ERASMUS.jpg\"><img loading=\"lazy\" decoding=\"async\" width=\"428\" height=\"157\" src=\"https:\/\/proni.hr\/old.proni.hr\/wp-content\/uploads\/2023\/03\/ERASMUS.jpg\" alt=\"\" class=\"wp-image-8792\" srcset=\"https:\/\/proni.hr\/old.proni.hr\/wp-content\/uploads\/2023\/03\/ERASMUS.jpg 428w, https:\/\/proni.hr\/old.proni.hr\/wp-content\/uploads\/2023\/03\/ERASMUS-300x110.jpg 300w\" sizes=\"(max-width: 428px) 100vw, 428px\" \/><\/a><\/figure>\n\n\n\n<p>Ova aktivnost odr\u017eava se u sklopu\u00a0 projekta <a href=\"https:\/\/proni.hr\/old.proni.hr\/portfolio-items\/informacija-za-sve\/\">Informacija za sve<\/a> koji je sufinanciran kroz Erasmus+ program, a nositelj projekta je PRONI Centar za socijalno podu\u010davanje.<\/p>\n\n\n\n<figure class=\"wp-block-image size-large\"><a href=\"https:\/\/proni.hr\/old.proni.hr\/wp-content\/uploads\/2023\/03\/HR-Sufinancira-EUROPSKA-UNIJA_POS_POS_7b100d5d4e3f7624f65467c0808602c4.jpg\"><img loading=\"lazy\" decoding=\"async\" width=\"1024\" height=\"270\" src=\"https:\/\/proni.hr\/old.proni.hr\/wp-content\/uploads\/2023\/03\/HR-Sufinancira-EUROPSKA-UNIJA_POS_POS_7b100d5d4e3f7624f65467c0808602c4-1024x270.jpg\" alt=\"\" class=\"wp-image-8791\" srcset=\"https:\/\/proni.hr\/old.proni.hr\/wp-content\/uploads\/2023\/03\/HR-Sufinancira-EUROPSKA-UNIJA_POS_POS_7b100d5d4e3f7624f65467c0808602c4-1024x270.jpg 1024w, https:\/\/proni.hr\/old.proni.hr\/wp-content\/uploads\/2023\/03\/HR-Sufinancira-EUROPSKA-UNIJA_POS_POS_7b100d5d4e3f7624f65467c0808602c4-300x79.jpg 300w, https:\/\/proni.hr\/old.proni.hr\/wp-content\/uploads\/2023\/03\/HR-Sufinancira-EUROPSKA-UNIJA_POS_POS_7b100d5d4e3f7624f65467c0808602c4-768x203.jpg 768w, https:\/\/proni.hr\/old.proni.hr\/wp-content\/uploads\/2023\/03\/HR-Sufinancira-EUROPSKA-UNIJA_POS_POS_7b100d5d4e3f7624f65467c0808602c4.jpg 1360w\" sizes=\"(max-width: 1024px) 100vw, 1024px\" \/><\/a><\/figure>\n","protected":false},"excerpt":{"rendered":"<p>Pozivamo mlade (od 15 do 30 godina) i donositelje odluka s podru\u010dja Osje\u010dko-baranjske i Vukovarsko-srijemske \u017eupanije na sudjelovanje u uvodnom javnom doga\u0111anju, na kojemu \u0107e mo\u0107i dati svoj doprinos raspravi na temu informiranja mladih. Uvodna konferencija projekta Informacija za sve u Osijeku \u0107e se odr\u017eati 5. travnja 2023. godine, s po\u010detkom u 10 sati), u [&hellip;]<\/p>\n","protected":false},"author":5,"featured_media":8793,"comment_status":"closed","ping_status":"open","sticky":false,"template":"","format":"standard","meta":{"footnotes":""},"categories":[4],"tags":[],"_links":{"self":[{"href":"https:\/\/proni.hr\/old.proni.hr\/wp-json\/wp\/v2\/posts\/8790"}],"collection":[{"href":"https:\/\/proni.hr\/old.proni.hr\/wp-json\/wp\/v2\/posts"}],"about":[{"href":"https:\/\/proni.hr\/old.proni.hr\/wp-json\/wp\/v2\/types\/post"}],"author":[{"embeddable":true,"href":"https:\/\/proni.hr\/old.proni.hr\/wp-json\/wp\/v2\/users\/5"}],"replies":[{"embeddable":true,"href":"https:\/\/proni.hr\/old.proni.hr\/wp-json\/wp\/v2\/comments?post=8790"}],"version-history":[{"count":2,"href":"https:\/\/proni.hr\/old.proni.hr\/wp-json\/wp\/v2\/posts\/8790\/revisions"}],"predecessor-version":[{"id":10171,"href":"https:\/\/proni.hr\/old.proni.hr\/wp-json\/wp\/v2\/posts\/8790\/revisions\/10171"}],"wp:featuredmedia":[{"embeddable":true,"href":"https:\/\/proni.hr\/old.proni.hr\/wp-json\/wp\/v2\/media\/8793"}],"wp:attachment":[{"href":"https:\/\/proni.hr\/old.proni.hr\/wp-json\/wp\/v2\/media?parent=8790"}],"wp:term":[{"taxonomy":"category","embeddable":true,"href":"https:\/\/proni.hr\/old.proni.hr\/wp-json\/wp\/v2\/categories?post=8790"},{"taxonomy":"post_tag","embeddable":true,"href":"https:\/\/proni.hr\/old.proni.hr\/wp-json\/wp\/v2\/tags?post=8790"}],"curies":[{"name":"wp","href":"https:\/\/api.w.org\/{rel}","templated":true}]}}