{"id":9543,"date":"2023-09-28T12:10:27","date_gmt":"2023-09-28T12:10:27","guid":{"rendered":"https:\/\/proni.hr\/old.proni.hr\/?p=9543"},"modified":"2023-09-28T12:10:29","modified_gmt":"2023-09-28T12:10:29","slug":"pricajmo-o-mentalnom-zdravlju-mladih-u-osijeku","status":"publish","type":"post","link":"https:\/\/proni.hr\/old.proni.hr\/pricajmo-o-mentalnom-zdravlju-mladih-u-osijeku\/","title":{"rendered":"Pri\u010dajmo o mentalnom zdravlju mladih &#8211; u Osijeku!"},"content":{"rendered":"\n<p>Mladi, ali i vi koji radite s mladima, budite dio na\u0161e aktivnosti Mladi, kako ste? u Osijeku, i dajte svoj doprinos raspravi na temu mentalnog zdravlja mladih.<\/p>\n\n\n\n<p><\/p>\n\n\n\n<p>U lipnju smo<strong>&nbsp;zapo\u010deli s provedbom projekta <\/strong>kroz koji \u0107emo obuhvatiti <strong>mlade i <\/strong><strong>relevantne dionike u podru\u010dju rada s mladima<\/strong><strong>, a u listopadu po\u010dinju rasprave u \u0161est gradova Osje\u010dko-baranjske \u017eupanije, s mladima i donositeljima odluka te uz sudjelovanje stru\u010dnjaka, iz podru\u010dja mentalnog zdravlja mladih.<\/strong><\/p>\n\n\n\n<p><strong><em>Projekt Mladi, kako ste? provodi se na podru\u010dju Osje\u010dko-baranjske \u017eupanije, u partnerstvu PRONI Centra za socijalno podu\u010davanje i Osje\u010dko-baranjske \u017eupanije, unutar 13 mjeseci, od 1. lipnja 2023. do \u00a030. lipnja 2024. \u00a0i uklju\u010dit \u0107e mlade i donositelje odluka te stru\u010dnjake iz podru\u010dja mentalnog zdravlja iz ove \u017eupanije. <\/em><\/strong><\/p>\n\n\n\n<p><em>Glavni <\/em><strong><em>cilj projekta je podi\u0107i razinu svijesti u zajednici o potrebama i pote\u0161ko\u0107ama s kojima se susre\u0107u mladi Osje\u010dko-baranjske \u017eupanije u podru\u010dju mentalnog zdravlja.<\/em><\/strong><em>&nbsp;Provedbom svih planiranih projektnih aktivnosti osna\u017eit \u0107e se mladi, krajnji korisnici, &nbsp;za aktivno sudjelovanje, kako bi u dijalogu s donositeljima odluka (dionicima u podru\u010dju rada s mladima) u svojoj lokalnoj zajednici, kreirali <\/em><strong><em>preporuke za ja\u010danje podr\u0161ke mentalnom zdravlju mladih.<\/em><\/strong><strong><em><\/em><\/strong><\/p>\n\n\n\n<p><em>Pored istra\u017eivanja namijenjenog mladima, odr\u017eat \u0107e se <\/em><strong><em>jednodnevna javna doga\u0111anja u 6 gradova Osje\u010dko-baranjske \u017eupanije (od listopada o. g.) &nbsp;te zavr\u0161na konferencija u Osijeku, u travnju sljede\u0107e godine<\/em><\/strong><em>. &nbsp;Nakon provedenih doga\u0111anja sa mladima i donositeljima odluka, formirat \u0107e se zaklju\u010dci i preporuke, &nbsp;koji \u0107e biti dio <\/em><strong><em>dokumenta Mentalno zdravlje i mladi, preporuke mladih za ja\u010danje podr\u0161ke mentalnom zdravlju mladih<\/em><\/strong><em><\/em><strong><em>na podru\u010dju Osje\u010dko-baranjske \u017eupanije<\/em><\/strong><em>, koji \u0107e sadr\u017eavati rezultate istra\u017eivanja, detektirane izazove i pote\u0161ko\u0107e\/potrebe mladih te prijedloge za unaprje\u0111enje podr\u0161ke mladima u lokalnim zajednicama. <\/em><strong><em>Projekt Mladi, kako ste? sufinanciran je sredstvima programa Europske unije kroz program Erasmus+.<\/em><\/strong><\/p>\n\n\n\n<p>Rasprava izme\u0111u mladih i donositelja odluka<strong>&nbsp;&#8211; Mladi, kako ste? u Osijeku, odr\u017eat \u0107e se u <\/strong><strong>petak, 6. listopada 2023. od 10 sati, u Osijeku u prostoru Gradske \u010detvrti Gornji grad, Trg Lava Mirskog 1.<\/strong><\/p>\n\n\n\n<p><strong>Broj mjesta je ograni\u010den,<\/strong>&nbsp;a prijaviti se mo\u017eete putem prijavnice ovdje: <a href=\"https:\/\/docs.google.com\/forms\/d\/1190xV1vleQwelJUEXCsAvvZA7dJys6hWODNmMvWDYgU\"><strong>https:\/\/tinyurl.com\/2539djre<\/strong><\/a><strong><\/strong><strong>do <\/strong><strong>4. listopada<\/strong><strong>. 2023.<\/strong><strong><\/strong><strong><\/strong>Ukoliko dolazite izvan grada Osijeka, tro\u0161kovi puta biti \u0107e refundirani.<\/p>\n\n\n\n<p>U izlaganje <strong>stru\u010dnjaka (prof. dr. sc. Ane Kurtovi\u0107 te psihologinja Mihaele Korman i Josipe Pantur)<\/strong>\u00a0imat \u0107et priliku \u010duti<strong>\u00a0rezultate istra\u017eivanja na ovu temu, koje je provedeno tijekom ljeta, a koje je ispunilo vi\u0161e od 1200 mladih <\/strong>te dati svoj doprinos <strong>u raspravi na ovu iznimno aktualnu i va\u017enu temu.<\/strong><\/p>\n\n\n\n<p>Molimo Vas da nam se \u0161to prije javite, a<strong>\u00a0povratnu informaciju \u00a0o sudjelovanju \u0107ete dobiti u \u010detvrtak, \u00a05. listopada.<\/strong><\/p>\n\n\n\n<p><\/p>\n\n\n\n<figure class=\"wp-block-image size-full is-resized\"><a href=\"https:\/\/proni.hr\/old.proni.hr\/wp-content\/uploads\/2023\/09\/TRANSPARENT.png\"><img loading=\"lazy\" decoding=\"async\" src=\"https:\/\/proni.hr\/old.proni.hr\/wp-content\/uploads\/2023\/09\/TRANSPARENT.png\" alt=\"\" class=\"wp-image-9544\" width=\"196\" height=\"64\" srcset=\"https:\/\/proni.hr\/old.proni.hr\/wp-content\/uploads\/2023\/09\/TRANSPARENT.png 838w, https:\/\/proni.hr\/old.proni.hr\/wp-content\/uploads\/2023\/09\/TRANSPARENT-300x98.png 300w, https:\/\/proni.hr\/old.proni.hr\/wp-content\/uploads\/2023\/09\/TRANSPARENT-768x250.png 768w\" sizes=\"(max-width: 196px) 100vw, 196px\" \/><\/a><\/figure>\n\n\n\n<figure class=\"wp-block-image size-large is-resized\"><a href=\"https:\/\/proni.hr\/old.proni.hr\/wp-content\/uploads\/2023\/09\/TRANSPARENT-.png\"><img loading=\"lazy\" decoding=\"async\" src=\"https:\/\/proni.hr\/old.proni.hr\/wp-content\/uploads\/2023\/09\/TRANSPARENT--1024x250.png\" alt=\"\" class=\"wp-image-9549\" width=\"191\" height=\"47\" srcset=\"https:\/\/proni.hr\/old.proni.hr\/wp-content\/uploads\/2023\/09\/TRANSPARENT--1024x250.png 1024w, https:\/\/proni.hr\/old.proni.hr\/wp-content\/uploads\/2023\/09\/TRANSPARENT--300x73.png 300w, https:\/\/proni.hr\/old.proni.hr\/wp-content\/uploads\/2023\/09\/TRANSPARENT--768x187.png 768w, https:\/\/proni.hr\/old.proni.hr\/wp-content\/uploads\/2023\/09\/TRANSPARENT-.png 1065w\" sizes=\"(max-width: 191px) 100vw, 191px\" \/><\/a><\/figure>\n","protected":false},"excerpt":{"rendered":"<p>Mladi, ali i vi koji radite s mladima, budite dio na\u0161e aktivnosti Mladi, kako ste? u Osijeku, i dajte svoj doprinos raspravi na temu mentalnog zdravlja mladih. U lipnju smo&nbsp;zapo\u010deli s provedbom projekta kroz koji \u0107emo obuhvatiti mlade i relevantne dionike u podru\u010dju rada s mladima, a u listopadu po\u010dinju rasprave u \u0161est gradova Osje\u010dko-baranjske [&hellip;]<\/p>\n","protected":false},"author":5,"featured_media":9550,"comment_status":"closed","ping_status":"closed","sticky":false,"template":"","format":"standard","meta":{"footnotes":""},"categories":[4],"tags":[],"_links":{"self":[{"href":"https:\/\/proni.hr\/old.proni.hr\/wp-json\/wp\/v2\/posts\/9543"}],"collection":[{"href":"https:\/\/proni.hr\/old.proni.hr\/wp-json\/wp\/v2\/posts"}],"about":[{"href":"https:\/\/proni.hr\/old.proni.hr\/wp-json\/wp\/v2\/types\/post"}],"author":[{"embeddable":true,"href":"https:\/\/proni.hr\/old.proni.hr\/wp-json\/wp\/v2\/users\/5"}],"replies":[{"embeddable":true,"href":"https:\/\/proni.hr\/old.proni.hr\/wp-json\/wp\/v2\/comments?post=9543"}],"version-history":[{"count":2,"href":"https:\/\/proni.hr\/old.proni.hr\/wp-json\/wp\/v2\/posts\/9543\/revisions"}],"predecessor-version":[{"id":10162,"href":"https:\/\/proni.hr\/old.proni.hr\/wp-json\/wp\/v2\/posts\/9543\/revisions\/10162"}],"wp:featuredmedia":[{"embeddable":true,"href":"https:\/\/proni.hr\/old.proni.hr\/wp-json\/wp\/v2\/media\/9550"}],"wp:attachment":[{"href":"https:\/\/proni.hr\/old.proni.hr\/wp-json\/wp\/v2\/media?parent=9543"}],"wp:term":[{"taxonomy":"category","embeddable":true,"href":"https:\/\/proni.hr\/old.proni.hr\/wp-json\/wp\/v2\/categories?post=9543"},{"taxonomy":"post_tag","embeddable":true,"href":"https:\/\/proni.hr\/old.proni.hr\/wp-json\/wp\/v2\/tags?post=9543"}],"curies":[{"name":"wp","href":"https:\/\/api.w.org\/{rel}","templated":true}]}}