{"id":99,"date":"2015-01-04T23:46:50","date_gmt":"2015-01-04T23:46:50","guid":{"rendered":"http:\/\/proni.hr\/?p=99"},"modified":"2015-01-04T23:46:50","modified_gmt":"2015-01-04T23:46:50","slug":"javni-dogadaj-za-mlade-u-sisku","status":"publish","type":"post","link":"https:\/\/proni.hr\/old.proni.hr\/javni-dogadaj-za-mlade-u-sisku\/","title":{"rendered":"Javni doga\u0111aj za mlade u Sisku"},"content":{"rendered":"<p align=\"center\"><span class=\"sadrzaj\">U okviru projekta &#8220;<a href=\"http:\/\/www.proni.hr\/index.php\/vijesti\/index.php\/aktivni-projekti\/-Nasilje-Ne-hvala.html\">Nasilje? Ne, hvala!<\/a><\/span><span class=\"sadrzaj\">&#8220;, 31.05. uprili\u010den je prvi u nizu javnih doga\u0111aja za mlade. Tako su mladi s podru\u010dja Sisa\u010dko-moslava\u010dke \u017eupanije imali priliku vidjeti kreativne uratke mladih nastali kroz provedbu umjetni\u010dkih radionica, kao i \u010duti glazbene uratke nastale na radionicama glazbe.<br \/>\n<\/span><\/p>\n<p class=\"sadrzaj\" align=\"center\">\n<p class=\"sadrzaj\" align=\"center\">Ina\u010de, cilj ovog predstavljanja, koji je na zabavan i edukativan na\u010din kroz glazbu i izlo\u017ebu privukao 100-tinjak mladih, jeste promovirati prevenciju nasilja kod mladih kroz njihovo aktivno sudjelovanje, kao i podi\u0107i razinu svjesti kod javnosti o zlouporabi i nasilju me\u0111u mladima, te va\u017enosti promoviranja pozitivnih vrijednosti.<\/p>\n<p class=\"sadrzaj\" align=\"center\">\n<p class=\"sadrzaj\" align=\"center\">U okviru projekta, bit \u0107e organizirana jo\u0161 dva javna doga\u0111aja, i to ona u Osijeku i Vukovaru, gdje \u0107e mladi iz tih \u017eupanija mo\u0107i vidjeti i poslu\u0161ati uratke nastale kroz dramsku, plesnu i DJ-ing radionice.<\/p>\n","protected":false},"excerpt":{"rendered":"<p>U okviru projekta &#8220;Nasilje? Ne, hvala!&#8220;, 31.05. uprili\u010den je prvi u nizu javnih doga\u0111aja za mlade. Tako su mladi s podru\u010dja Sisa\u010dko-moslava\u010dke \u017eupanije imali priliku vidjeti kreativne uratke mladih nastali kroz provedbu umjetni\u010dkih radionica, kao i \u010duti glazbene uratke nastale na radionicama glazbe. Ina\u010de, cilj ovog predstavljanja, koji je na zabavan i edukativan na\u010din kroz [&hellip;]<\/p>\n","protected":false},"author":5,"featured_media":0,"comment_status":"open","ping_status":"open","sticky":false,"template":"","format":"standard","meta":{"footnotes":""},"categories":[1],"tags":[],"_links":{"self":[{"href":"https:\/\/proni.hr\/old.proni.hr\/wp-json\/wp\/v2\/posts\/99"}],"collection":[{"href":"https:\/\/proni.hr\/old.proni.hr\/wp-json\/wp\/v2\/posts"}],"about":[{"href":"https:\/\/proni.hr\/old.proni.hr\/wp-json\/wp\/v2\/types\/post"}],"author":[{"embeddable":true,"href":"https:\/\/proni.hr\/old.proni.hr\/wp-json\/wp\/v2\/users\/5"}],"replies":[{"embeddable":true,"href":"https:\/\/proni.hr\/old.proni.hr\/wp-json\/wp\/v2\/comments?post=99"}],"version-history":[{"count":0,"href":"https:\/\/proni.hr\/old.proni.hr\/wp-json\/wp\/v2\/posts\/99\/revisions"}],"wp:attachment":[{"href":"https:\/\/proni.hr\/old.proni.hr\/wp-json\/wp\/v2\/media?parent=99"}],"wp:term":[{"taxonomy":"category","embeddable":true,"href":"https:\/\/proni.hr\/old.proni.hr\/wp-json\/wp\/v2\/categories?post=99"},{"taxonomy":"post_tag","embeddable":true,"href":"https:\/\/proni.hr\/old.proni.hr\/wp-json\/wp\/v2\/tags?post=99"}],"curies":[{"name":"wp","href":"https:\/\/api.w.org\/{rel}","templated":true}]}}